{"id":998,"date":"2016-10-01T21:07:51","date_gmt":"2016-10-01T19:07:51","guid":{"rendered":"http:\/\/szentistvan.dnyem.hu\/?p=998"},"modified":"2016-10-03T09:13:35","modified_gmt":"2016-10-03T07:13:35","slug":"rozsafuzer-talalkozo","status":"publish","type":"post","link":"https:\/\/szentistvan.dnyem.hu\/?p=998","title":{"rendered":"R\u00f3zsaf\u00fcz\u00e9r tal\u00e1lkoz\u00f3"},"content":{"rendered":"<p>A <strong>Szent L\u00e1szl\u00f3 Domonkos Templom<\/strong> R\u00f3zsaf\u00fcz\u00e9r T\u00e1rsulata a Domonkos Rend 800 \u00e9ves jubileuni \u00e9v\u00e9ben szeretettel h\u00edvja a r\u00f3zsaf\u00fcz\u00e9rt im\u00e1dkoz\u00f3 debrecenieket az okt\u00f3beri r\u00f3zsaf\u00fcz\u00e9r-tal\u00e1lkoz\u00f3ra <strong>okt\u00f3ber 8-\u00e1n, szombaton,<\/strong> Sz\u0171z M\u00e1ria, Magyarok Nagyasszonya f\u0151\u00fcnnep\u00e9n Barna M\u00e1t\u00e9 OP atya vezet\u00e9s\u00e9vel:<\/p>\n<p><img loading=\"lazy\" class=\"alignnone size-medium wp-image-1002\" src=\"http:\/\/szentistvan.dnyem.hu\/wp-content\/uploads\/2016\/10\/R\u00f3zsaf\u00fcz\u00e9resek-tal\u00e1lkoz\u00f3ja_2016_okt_8-page-001-382x540.jpg\" alt=\"rozsafuzeresek-talalkozoja_2016_okt_8-page-001\" width=\"382\" height=\"540\" srcset=\"https:\/\/szentistvan.dnyem.hu\/wp-content\/uploads\/2016\/10\/R\u00f3zsaf\u00fcz\u00e9resek-tal\u00e1lkoz\u00f3ja_2016_okt_8-page-001-382x540.jpg 382w, https:\/\/szentistvan.dnyem.hu\/wp-content\/uploads\/2016\/10\/R\u00f3zsaf\u00fcz\u00e9resek-tal\u00e1lkoz\u00f3ja_2016_okt_8-page-001-768x1086.jpg 768w, https:\/\/szentistvan.dnyem.hu\/wp-content\/uploads\/2016\/10\/R\u00f3zsaf\u00fcz\u00e9resek-tal\u00e1lkoz\u00f3ja_2016_okt_8-page-001-724x1024.jpg 724w\" sizes=\"(max-width: 382px) 100vw, 382px\" \/><\/p>\n","protected":false},"excerpt":{"rendered":"<p>A Szent L\u00e1szl\u00f3 Domonkos Templom R\u00f3zsaf\u00fcz\u00e9r T\u00e1rsulata a Domonkos Rend 800 \u00e9ves jubileuni \u00e9v\u00e9ben szeretettel h\u00edvja a r\u00f3zsaf\u00fcz\u00e9rt im\u00e1dkoz\u00f3 debrecenieket az okt\u00f3beri r\u00f3zsaf\u00fcz\u00e9r-tal\u00e1lkoz\u00f3ra okt\u00f3ber 8-\u00e1n,&#8230;<\/p>\n","protected":false},"author":2,"featured_media":0,"comment_status":"closed","ping_status":"open","sticky":false,"template":"","format":"standard","meta":[],"categories":[2],"tags":[],"_links":{"self":[{"href":"https:\/\/szentistvan.dnyem.hu\/index.php?rest_route=\/wp\/v2\/posts\/998"}],"collection":[{"href":"https:\/\/szentistvan.dnyem.hu\/index.php?rest_route=\/wp\/v2\/posts"}],"about":[{"href":"https:\/\/szentistvan.dnyem.hu\/index.php?rest_route=\/wp\/v2\/types\/post"}],"author":[{"embeddable":true,"href":"https:\/\/szentistvan.dnyem.hu\/index.php?rest_route=\/wp\/v2\/users\/2"}],"replies":[{"embeddable":true,"href":"https:\/\/szentistvan.dnyem.hu\/index.php?rest_route=%2Fwp%2Fv2%2Fcomments&post=998"}],"version-history":[{"count":3,"href":"https:\/\/szentistvan.dnyem.hu\/index.php?rest_route=\/wp\/v2\/posts\/998\/revisions"}],"predecessor-version":[{"id":1004,"href":"https:\/\/szentistvan.dnyem.hu\/index.php?rest_route=\/wp\/v2\/posts\/998\/revisions\/1004"}],"wp:attachment":[{"href":"https:\/\/szentistvan.dnyem.hu\/index.php?rest_route=%2Fwp%2Fv2%2Fmedia&parent=998"}],"wp:term":[{"taxonomy":"category","embeddable":true,"href":"https:\/\/szentistvan.dnyem.hu\/index.php?rest_route=%2Fwp%2Fv2%2Fcategories&post=998"},{"taxonomy":"post_tag","embeddable":true,"href":"https:\/\/szentistvan.dnyem.hu\/index.php?rest_route=%2Fwp%2Fv2%2Ftags&post=998"}],"curies":[{"name":"wp","href":"https:\/\/api.w.org\/{rel}","templated":true}]}}