{"id":985,"date":"2016-09-28T08:00:50","date_gmt":"2016-09-28T06:00:50","guid":{"rendered":"http:\/\/szentistvan.dnyem.hu\/?p=985"},"modified":"2016-09-28T08:00:50","modified_gmt":"2016-09-28T06:00:50","slug":"rajzpalyazat-gyerekek-es-fiatalok-szamara","status":"publish","type":"post","link":"https:\/\/szentistvan.dnyem.hu\/?p=985","title":{"rendered":"Rajzp\u00e1ly\u00e1zat gyerekek \u00e9s fiatalok sz\u00e1m\u00e1ra"},"content":{"rendered":"<p>B\u00e1rmilyen rajztechnik\u00e1val k\u00e9sz\u00edthet\u0151k a p\u00e1lyam\u0171vek A\/3-as vagy A\/4-es rajzlapra az al\u00e1bbi t\u00e9m\u00e1ban:<\/p>\n<p><strong>SZERETEK IRGALMASNAK LENNI. <\/strong><\/p>\n<p><strong>Bead\u00e1si hat\u00e1rid\u0151 november 6.<\/strong><\/p>\n<p>Minden p\u00e1lyam\u0171b\u0151l ki\u00e1ll\u00edt\u00e1s ny\u00edlik.<\/p>\n","protected":false},"excerpt":{"rendered":"<p>B\u00e1rmilyen rajztechnik\u00e1val k\u00e9sz\u00edthet\u0151k a p\u00e1lyam\u0171vek A\/3-as vagy A\/4-es rajzlapra az al\u00e1bbi t\u00e9m\u00e1ban: SZERETEK IRGALMASNAK LENNI. Bead\u00e1si hat\u00e1rid\u0151 november 6. Minden p\u00e1lyam\u0171b\u0151l ki\u00e1ll\u00edt\u00e1s ny\u00edlik.<\/p>\n","protected":false},"author":2,"featured_media":0,"comment_status":"closed","ping_status":"open","sticky":false,"template":"","format":"standard","meta":[],"categories":[1],"tags":[],"_links":{"self":[{"href":"https:\/\/szentistvan.dnyem.hu\/index.php?rest_route=\/wp\/v2\/posts\/985"}],"collection":[{"href":"https:\/\/szentistvan.dnyem.hu\/index.php?rest_route=\/wp\/v2\/posts"}],"about":[{"href":"https:\/\/szentistvan.dnyem.hu\/index.php?rest_route=\/wp\/v2\/types\/post"}],"author":[{"embeddable":true,"href":"https:\/\/szentistvan.dnyem.hu\/index.php?rest_route=\/wp\/v2\/users\/2"}],"replies":[{"embeddable":true,"href":"https:\/\/szentistvan.dnyem.hu\/index.php?rest_route=%2Fwp%2Fv2%2Fcomments&post=985"}],"version-history":[{"count":1,"href":"https:\/\/szentistvan.dnyem.hu\/index.php?rest_route=\/wp\/v2\/posts\/985\/revisions"}],"predecessor-version":[{"id":986,"href":"https:\/\/szentistvan.dnyem.hu\/index.php?rest_route=\/wp\/v2\/posts\/985\/revisions\/986"}],"wp:attachment":[{"href":"https:\/\/szentistvan.dnyem.hu\/index.php?rest_route=%2Fwp%2Fv2%2Fmedia&parent=985"}],"wp:term":[{"taxonomy":"category","embeddable":true,"href":"https:\/\/szentistvan.dnyem.hu\/index.php?rest_route=%2Fwp%2Fv2%2Fcategories&post=985"},{"taxonomy":"post_tag","embeddable":true,"href":"https:\/\/szentistvan.dnyem.hu\/index.php?rest_route=%2Fwp%2Fv2%2Ftags&post=985"}],"curies":[{"name":"wp","href":"https:\/\/api.w.org\/{rel}","templated":true}]}}