{"id":983,"date":"2016-09-28T07:58:34","date_gmt":"2016-09-28T05:58:34","guid":{"rendered":"http:\/\/szentistvan.dnyem.hu\/?p=983"},"modified":"2016-09-28T07:58:34","modified_gmt":"2016-09-28T05:58:34","slug":"kerekparos-zarandoklat","status":"publish","type":"post","link":"https:\/\/szentistvan.dnyem.hu\/?p=983","title":{"rendered":"Ker\u00e9kp\u00e1ros zar\u00e1ndoklat"},"content":{"rendered":"<p><strong>Okt\u00f3ber 15-\u00e9n<\/strong> ker\u00e9kp\u00e1ros zar\u00e1ndoklat a<\/p>\n<p>Nagyboldogasszony tisztelet\u00e9re szentelt XIII. sz\u00e1zadi <strong>g\u00fati templomromhoz. <\/strong><\/p>\n<p><strong>Az \u00f6sszt\u00e1vols\u00e1g 60 km.<\/strong><\/p>\n<p><strong>Indul\u00e1s a templomudvarr\u00f3l 8.30-kor.<\/strong><\/p>\n","protected":false},"excerpt":{"rendered":"<p>Okt\u00f3ber 15-\u00e9n ker\u00e9kp\u00e1ros zar\u00e1ndoklat a Nagyboldogasszony tisztelet\u00e9re szentelt XIII. sz\u00e1zadi g\u00fati templomromhoz. Az \u00f6sszt\u00e1vols\u00e1g 60 km. Indul\u00e1s a templomudvarr\u00f3l 8.30-kor.<\/p>\n","protected":false},"author":2,"featured_media":0,"comment_status":"closed","ping_status":"open","sticky":false,"template":"","format":"standard","meta":[],"categories":[2],"tags":[],"_links":{"self":[{"href":"https:\/\/szentistvan.dnyem.hu\/index.php?rest_route=\/wp\/v2\/posts\/983"}],"collection":[{"href":"https:\/\/szentistvan.dnyem.hu\/index.php?rest_route=\/wp\/v2\/posts"}],"about":[{"href":"https:\/\/szentistvan.dnyem.hu\/index.php?rest_route=\/wp\/v2\/types\/post"}],"author":[{"embeddable":true,"href":"https:\/\/szentistvan.dnyem.hu\/index.php?rest_route=\/wp\/v2\/users\/2"}],"replies":[{"embeddable":true,"href":"https:\/\/szentistvan.dnyem.hu\/index.php?rest_route=%2Fwp%2Fv2%2Fcomments&post=983"}],"version-history":[{"count":1,"href":"https:\/\/szentistvan.dnyem.hu\/index.php?rest_route=\/wp\/v2\/posts\/983\/revisions"}],"predecessor-version":[{"id":984,"href":"https:\/\/szentistvan.dnyem.hu\/index.php?rest_route=\/wp\/v2\/posts\/983\/revisions\/984"}],"wp:attachment":[{"href":"https:\/\/szentistvan.dnyem.hu\/index.php?rest_route=%2Fwp%2Fv2%2Fmedia&parent=983"}],"wp:term":[{"taxonomy":"category","embeddable":true,"href":"https:\/\/szentistvan.dnyem.hu\/index.php?rest_route=%2Fwp%2Fv2%2Fcategories&post=983"},{"taxonomy":"post_tag","embeddable":true,"href":"https:\/\/szentistvan.dnyem.hu\/index.php?rest_route=%2Fwp%2Fv2%2Ftags&post=983"}],"curies":[{"name":"wp","href":"https:\/\/api.w.org\/{rel}","templated":true}]}}