{"id":962,"date":"2016-09-03T10:55:50","date_gmt":"2016-09-03T08:55:50","guid":{"rendered":"http:\/\/szentistvan.dnyem.hu\/?p=962"},"modified":"2016-10-01T21:03:50","modified_gmt":"2016-10-01T19:03:50","slug":"zarandoklat-matraverebely-szentkutra","status":"publish","type":"post","link":"https:\/\/szentistvan.dnyem.hu\/?p=962","title":{"rendered":"Zar\u00e1ndoklat M\u00e1travereb\u00e9ly-Szentk\u00fatra"},"content":{"rendered":"<p><strong>Okt\u00f3ber 8-\u00e1n<\/strong> <strong>5.30-ra be\u00e1ll<\/strong> a Mercedes-Irizar busz a Szenczi Moln\u00e1r Albert\u00a0 utc\u00e1ra, ahonnan <strong>5.45-kor indulunk Szentk\u00fatra<\/strong>, ahol a 11.00-kor kezd\u0151d\u0151 szentmis\u00e9n r\u00e9szt vesz\u00fcnk.<\/p>\n<p>Kb. 14.00-t\u00f3l megn\u00e9zz\u00fck Recsken a t\u00f6rt\u00e9nelmi eml\u00e9khelyet, \u00e9s Egerben kb. 16.00-t\u00f3l l\u00e1thatjuk az \u00c9rseki Palot\u00e1t t\u00e1rlatvezet\u00e9ssel.<\/p>\n<p>Hozsann\u00e1t \u00e9s r\u00f3zsaf\u00fcz\u00e9rt hozzunk magunkkal!<\/p>\n","protected":false},"excerpt":{"rendered":"<p>Okt\u00f3ber 8-\u00e1n 5.30-ra be\u00e1ll a Mercedes-Irizar busz a Szenczi Moln\u00e1r Albert\u00a0 utc\u00e1ra, ahonnan 5.45-kor indulunk Szentk\u00fatra, ahol a 11.00-kor kezd\u0151d\u0151 szentmis\u00e9n r\u00e9szt vesz\u00fcnk. Kb. 14.00-t\u00f3l&#8230;<\/p>\n","protected":false},"author":2,"featured_media":0,"comment_status":"closed","ping_status":"open","sticky":false,"template":"","format":"standard","meta":[],"categories":[2],"tags":[],"_links":{"self":[{"href":"https:\/\/szentistvan.dnyem.hu\/index.php?rest_route=\/wp\/v2\/posts\/962"}],"collection":[{"href":"https:\/\/szentistvan.dnyem.hu\/index.php?rest_route=\/wp\/v2\/posts"}],"about":[{"href":"https:\/\/szentistvan.dnyem.hu\/index.php?rest_route=\/wp\/v2\/types\/post"}],"author":[{"embeddable":true,"href":"https:\/\/szentistvan.dnyem.hu\/index.php?rest_route=\/wp\/v2\/users\/2"}],"replies":[{"embeddable":true,"href":"https:\/\/szentistvan.dnyem.hu\/index.php?rest_route=%2Fwp%2Fv2%2Fcomments&post=962"}],"version-history":[{"count":4,"href":"https:\/\/szentistvan.dnyem.hu\/index.php?rest_route=\/wp\/v2\/posts\/962\/revisions"}],"predecessor-version":[{"id":997,"href":"https:\/\/szentistvan.dnyem.hu\/index.php?rest_route=\/wp\/v2\/posts\/962\/revisions\/997"}],"wp:attachment":[{"href":"https:\/\/szentistvan.dnyem.hu\/index.php?rest_route=%2Fwp%2Fv2%2Fmedia&parent=962"}],"wp:term":[{"taxonomy":"category","embeddable":true,"href":"https:\/\/szentistvan.dnyem.hu\/index.php?rest_route=%2Fwp%2Fv2%2Fcategories&post=962"},{"taxonomy":"post_tag","embeddable":true,"href":"https:\/\/szentistvan.dnyem.hu\/index.php?rest_route=%2Fwp%2Fv2%2Ftags&post=962"}],"curies":[{"name":"wp","href":"https:\/\/api.w.org\/{rel}","templated":true}]}}