{"id":950,"date":"2016-08-29T14:51:45","date_gmt":"2016-08-29T12:51:45","guid":{"rendered":"http:\/\/szentistvan.dnyem.hu\/?p=950"},"modified":"2016-08-29T14:51:45","modified_gmt":"2016-08-29T12:51:45","slug":"a-liturgikus-testtartasok-7-resz-a-bekekoszontes","status":"publish","type":"post","link":"https:\/\/szentistvan.dnyem.hu\/?p=950","title":{"rendered":"A liturgikus testtart\u00e1sok (7. r\u00e9sz): A b\u00e9kek\u00f6sz\u00f6nt\u00e9s"},"content":{"rendered":"<p>A szentmise bemutat\u00e1s\u00e1ra \u00e9s a szentmis\u00e9n val\u00f3 r\u00e9szv\u00e9telre vonatkoz\u00f3 szab\u00e1lyok sem nem aj\u00e1nlj\u00e1k, sem el\u0151 nem \u00edrj\u00e1k, hogy a h\u00edvek a Miaty\u00e1nk im\u00e1dkoz\u00e1sa alatt a padokban egym\u00e1s kez\u00e9t fogj\u00e1k. Ne tegy\u00fck, mert a Miaty\u00e1nk alatt haz\u00e1nkban nem ez az el\u0151\u00edrt testtart\u00e1s. Ne tegy\u00fck, mert zavart okozhat abban a testv\u00e9r\u00fcnkben, aki nem szokott hozz\u00e1 ehhez a gesztushoz, vagy zavarja, mert m\u00e1shol ez nincs \u00edgy. Ne tegy\u00fck, mert a h\u00edvek k\u00f6z\u00f6tti testv\u00e9ri egys\u00e9g kifejez\u00e9s\u00e9re a Miaty\u00e1nkot k\u00f6vet\u0151en ott a b\u00e9kecs\u00f3k szertart\u00e1sa, amikor a szomsz\u00e9domnak a jobbomat ny\u00fajtom a b\u00e9ke \u00e9s a k\u00f6z\u00f6ss\u00e9g jelek\u00e9nt. Ha m\u00e1r a Miaty\u00e1nk alatt megtett\u00fck ezt, akkor az im\u00e1t k\u00f6vet\u0151 b\u00e9kecs\u00f3knak nincs \u00e9rtelme, pedig annak a mise r\u00edtus\u00e1ban \u0151sid\u0151k \u00f3ta \u00e9rtelme \u00e9s jelent\u0151s\u00e9ge van, \u00e9s el\u0151\u00edr\u00e1s is.<\/p>\n<p>A Miaty\u00e1nk istengyermeki mivoltomban er\u0151s\u00edt meg, ahogyan azt az Aty\u00e1ra tekintve neki megvallom \u00e9s megk\u00f6sz\u00f6n\u00f6m. Ennek az im\u00e1nak a testtart\u00e1sban val\u00f3 kifejez\u0151d\u00e9se teh\u00e1t individu\u00e1lis \u00e9s nem k\u00f6z\u00f6ss\u00e9gi. A Miaty\u00e1nk ut\u00e1n viszont a b\u00e9kecs\u00f3kkal vagy b\u00e9kejobb ny\u00fajt\u00e1s\u00e1val testv\u00e9remnek ismerem el azt, aki szinten egy a Fi\u00faval maga is \u201ea fi\u00fa&#8221;.<\/p>\n","protected":false},"excerpt":{"rendered":"<p>A szentmise bemutat\u00e1s\u00e1ra \u00e9s a szentmis\u00e9n val\u00f3 r\u00e9szv\u00e9telre vonatkoz\u00f3 szab\u00e1lyok sem nem aj\u00e1nlj\u00e1k, sem el\u0151 nem \u00edrj\u00e1k, hogy a h\u00edvek a Miaty\u00e1nk im\u00e1dkoz\u00e1sa alatt a&#8230;<\/p>\n","protected":false},"author":2,"featured_media":0,"comment_status":"closed","ping_status":"open","sticky":false,"template":"","format":"standard","meta":[],"categories":[1],"tags":[],"_links":{"self":[{"href":"https:\/\/szentistvan.dnyem.hu\/index.php?rest_route=\/wp\/v2\/posts\/950"}],"collection":[{"href":"https:\/\/szentistvan.dnyem.hu\/index.php?rest_route=\/wp\/v2\/posts"}],"about":[{"href":"https:\/\/szentistvan.dnyem.hu\/index.php?rest_route=\/wp\/v2\/types\/post"}],"author":[{"embeddable":true,"href":"https:\/\/szentistvan.dnyem.hu\/index.php?rest_route=\/wp\/v2\/users\/2"}],"replies":[{"embeddable":true,"href":"https:\/\/szentistvan.dnyem.hu\/index.php?rest_route=%2Fwp%2Fv2%2Fcomments&post=950"}],"version-history":[{"count":1,"href":"https:\/\/szentistvan.dnyem.hu\/index.php?rest_route=\/wp\/v2\/posts\/950\/revisions"}],"predecessor-version":[{"id":951,"href":"https:\/\/szentistvan.dnyem.hu\/index.php?rest_route=\/wp\/v2\/posts\/950\/revisions\/951"}],"wp:attachment":[{"href":"https:\/\/szentistvan.dnyem.hu\/index.php?rest_route=%2Fwp%2Fv2%2Fmedia&parent=950"}],"wp:term":[{"taxonomy":"category","embeddable":true,"href":"https:\/\/szentistvan.dnyem.hu\/index.php?rest_route=%2Fwp%2Fv2%2Fcategories&post=950"},{"taxonomy":"post_tag","embeddable":true,"href":"https:\/\/szentistvan.dnyem.hu\/index.php?rest_route=%2Fwp%2Fv2%2Ftags&post=950"}],"curies":[{"name":"wp","href":"https:\/\/api.w.org\/{rel}","templated":true}]}}