{"id":946,"date":"2016-08-29T14:48:19","date_gmt":"2016-08-29T12:48:19","guid":{"rendered":"http:\/\/szentistvan.dnyem.hu\/?p=946"},"modified":"2016-08-29T14:48:19","modified_gmt":"2016-08-29T12:48:19","slug":"veni-sancte","status":"publish","type":"post","link":"https:\/\/szentistvan.dnyem.hu\/?p=946","title":{"rendered":"Veni Sancte"},"content":{"rendered":"<p><strong>Szeptember 4-\u00e1n<\/strong> tan\u00e9vnyit\u00f3 Veni Sancte-\u00e9t (Szentl\u00e9lek-h\u00edv\u00f3 szentmis\u00e9t) tartunk.<\/p>\n<p>Meg\u00e1ldjuk majd a gyerekeket, az iskolat\u00e1sk\u00e1kat, a benne l\u00e9v\u0151 tanszereikkel egy\u00fctt.<\/p>\n","protected":false},"excerpt":{"rendered":"<p>Szeptember 4-\u00e1n tan\u00e9vnyit\u00f3 Veni Sancte-\u00e9t (Szentl\u00e9lek-h\u00edv\u00f3 szentmis\u00e9t) tartunk. Meg\u00e1ldjuk majd a gyerekeket, az iskolat\u00e1sk\u00e1kat, a benne l\u00e9v\u0151 tanszereikkel egy\u00fctt.<\/p>\n","protected":false},"author":2,"featured_media":0,"comment_status":"closed","ping_status":"open","sticky":false,"template":"","format":"standard","meta":[],"categories":[2],"tags":[],"_links":{"self":[{"href":"https:\/\/szentistvan.dnyem.hu\/index.php?rest_route=\/wp\/v2\/posts\/946"}],"collection":[{"href":"https:\/\/szentistvan.dnyem.hu\/index.php?rest_route=\/wp\/v2\/posts"}],"about":[{"href":"https:\/\/szentistvan.dnyem.hu\/index.php?rest_route=\/wp\/v2\/types\/post"}],"author":[{"embeddable":true,"href":"https:\/\/szentistvan.dnyem.hu\/index.php?rest_route=\/wp\/v2\/users\/2"}],"replies":[{"embeddable":true,"href":"https:\/\/szentistvan.dnyem.hu\/index.php?rest_route=%2Fwp%2Fv2%2Fcomments&post=946"}],"version-history":[{"count":1,"href":"https:\/\/szentistvan.dnyem.hu\/index.php?rest_route=\/wp\/v2\/posts\/946\/revisions"}],"predecessor-version":[{"id":947,"href":"https:\/\/szentistvan.dnyem.hu\/index.php?rest_route=\/wp\/v2\/posts\/946\/revisions\/947"}],"wp:attachment":[{"href":"https:\/\/szentistvan.dnyem.hu\/index.php?rest_route=%2Fwp%2Fv2%2Fmedia&parent=946"}],"wp:term":[{"taxonomy":"category","embeddable":true,"href":"https:\/\/szentistvan.dnyem.hu\/index.php?rest_route=%2Fwp%2Fv2%2Fcategories&post=946"},{"taxonomy":"post_tag","embeddable":true,"href":"https:\/\/szentistvan.dnyem.hu\/index.php?rest_route=%2Fwp%2Fv2%2Ftags&post=946"}],"curies":[{"name":"wp","href":"https:\/\/api.w.org\/{rel}","templated":true}]}}