{"id":941,"date":"2016-08-29T14:44:07","date_gmt":"2016-08-29T12:44:07","guid":{"rendered":"http:\/\/szentistvan.dnyem.hu\/?p=941"},"modified":"2016-08-29T14:44:07","modified_gmt":"2016-08-29T12:44:07","slug":"a-teremtesvedelem-vilagnapja","status":"publish","type":"post","link":"https:\/\/szentistvan.dnyem.hu\/?p=941","title":{"rendered":"A teremt\u00e9sv\u00e9delem vil\u00e1gnapja"},"content":{"rendered":"<p><strong>Szeptember 1-\u00e9n<\/strong> tartjuk a teremt\u00e9sv\u00e9delem vil\u00e1gnapj\u00e1t.<\/p>\n<p>Im\u00e1ds\u00e1gos k\u00f6z\u00f6ss\u00e9gben az ortodox testv\u00e9rekkel \u00e9s minden j\u00f3akarat\u00fa emberrel mi is szeretn\u00e9nk hozz\u00e1j\u00e1rulni annak a k\u00f6rnyezeti v\u00e1ls\u00e1gnak a legy\u0151z\u00e9s\u00e9hez, amelyben ma az emberis\u00e9g \u00e9l.<\/p>\n","protected":false},"excerpt":{"rendered":"<p>Szeptember 1-\u00e9n tartjuk a teremt\u00e9sv\u00e9delem vil\u00e1gnapj\u00e1t. Im\u00e1ds\u00e1gos k\u00f6z\u00f6ss\u00e9gben az ortodox testv\u00e9rekkel \u00e9s minden j\u00f3akarat\u00fa emberrel mi is szeretn\u00e9nk hozz\u00e1j\u00e1rulni annak a k\u00f6rnyezeti v\u00e1ls\u00e1gnak a legy\u0151z\u00e9s\u00e9hez,&#8230;<\/p>\n","protected":false},"author":2,"featured_media":0,"comment_status":"closed","ping_status":"open","sticky":false,"template":"","format":"standard","meta":[],"categories":[1],"tags":[],"_links":{"self":[{"href":"https:\/\/szentistvan.dnyem.hu\/index.php?rest_route=\/wp\/v2\/posts\/941"}],"collection":[{"href":"https:\/\/szentistvan.dnyem.hu\/index.php?rest_route=\/wp\/v2\/posts"}],"about":[{"href":"https:\/\/szentistvan.dnyem.hu\/index.php?rest_route=\/wp\/v2\/types\/post"}],"author":[{"embeddable":true,"href":"https:\/\/szentistvan.dnyem.hu\/index.php?rest_route=\/wp\/v2\/users\/2"}],"replies":[{"embeddable":true,"href":"https:\/\/szentistvan.dnyem.hu\/index.php?rest_route=%2Fwp%2Fv2%2Fcomments&post=941"}],"version-history":[{"count":1,"href":"https:\/\/szentistvan.dnyem.hu\/index.php?rest_route=\/wp\/v2\/posts\/941\/revisions"}],"predecessor-version":[{"id":942,"href":"https:\/\/szentistvan.dnyem.hu\/index.php?rest_route=\/wp\/v2\/posts\/941\/revisions\/942"}],"wp:attachment":[{"href":"https:\/\/szentistvan.dnyem.hu\/index.php?rest_route=%2Fwp%2Fv2%2Fmedia&parent=941"}],"wp:term":[{"taxonomy":"category","embeddable":true,"href":"https:\/\/szentistvan.dnyem.hu\/index.php?rest_route=%2Fwp%2Fv2%2Fcategories&post=941"},{"taxonomy":"post_tag","embeddable":true,"href":"https:\/\/szentistvan.dnyem.hu\/index.php?rest_route=%2Fwp%2Fv2%2Ftags&post=941"}],"curies":[{"name":"wp","href":"https:\/\/api.w.org\/{rel}","templated":true}]}}