{"id":929,"date":"2016-08-15T11:19:41","date_gmt":"2016-08-15T09:19:41","guid":{"rendered":"http:\/\/szentistvan.dnyem.hu\/?p=929"},"modified":"2016-08-15T11:19:41","modified_gmt":"2016-08-15T09:19:41","slug":"parkolasi-rend","status":"publish","type":"post","link":"https:\/\/szentistvan.dnyem.hu\/?p=929","title":{"rendered":"Parkol\u00e1si rend"},"content":{"rendered":"<p>A templomudvaron az al\u00e1bbi parkol\u00e1si rendet k\u00e9rj\u00fck:<\/p>\n<figure id=\"attachment_930\" aria-describedby=\"caption-attachment-930\" style=\"width: 389px\" class=\"wp-caption alignnone\"><img loading=\"lazy\" class=\"size-medium wp-image-930\" src=\"http:\/\/szentistvan.dnyem.hu\/wp-content\/uploads\/2016\/08\/parkolasi_rend-389x540.png\" alt=\"Parkol\u00e1si rend\" width=\"389\" height=\"540\" srcset=\"https:\/\/szentistvan.dnyem.hu\/wp-content\/uploads\/2016\/08\/parkolasi_rend-389x540.png 389w, https:\/\/szentistvan.dnyem.hu\/wp-content\/uploads\/2016\/08\/parkolasi_rend-738x1024.png 738w, https:\/\/szentistvan.dnyem.hu\/wp-content\/uploads\/2016\/08\/parkolasi_rend.png 763w\" sizes=\"(max-width: 389px) 100vw, 389px\" \/><figcaption id=\"caption-attachment-930\" class=\"wp-caption-text\">Parkol\u00e1si rend<\/figcaption><\/figure>\n","protected":false},"excerpt":{"rendered":"<p>A templomudvaron az al\u00e1bbi parkol\u00e1si rendet k\u00e9rj\u00fck:<\/p>\n","protected":false},"author":2,"featured_media":0,"comment_status":"closed","ping_status":"open","sticky":false,"template":"","format":"standard","meta":[],"categories":[1],"tags":[],"_links":{"self":[{"href":"https:\/\/szentistvan.dnyem.hu\/index.php?rest_route=\/wp\/v2\/posts\/929"}],"collection":[{"href":"https:\/\/szentistvan.dnyem.hu\/index.php?rest_route=\/wp\/v2\/posts"}],"about":[{"href":"https:\/\/szentistvan.dnyem.hu\/index.php?rest_route=\/wp\/v2\/types\/post"}],"author":[{"embeddable":true,"href":"https:\/\/szentistvan.dnyem.hu\/index.php?rest_route=\/wp\/v2\/users\/2"}],"replies":[{"embeddable":true,"href":"https:\/\/szentistvan.dnyem.hu\/index.php?rest_route=%2Fwp%2Fv2%2Fcomments&post=929"}],"version-history":[{"count":1,"href":"https:\/\/szentistvan.dnyem.hu\/index.php?rest_route=\/wp\/v2\/posts\/929\/revisions"}],"predecessor-version":[{"id":931,"href":"https:\/\/szentistvan.dnyem.hu\/index.php?rest_route=\/wp\/v2\/posts\/929\/revisions\/931"}],"wp:attachment":[{"href":"https:\/\/szentistvan.dnyem.hu\/index.php?rest_route=%2Fwp%2Fv2%2Fmedia&parent=929"}],"wp:term":[{"taxonomy":"category","embeddable":true,"href":"https:\/\/szentistvan.dnyem.hu\/index.php?rest_route=%2Fwp%2Fv2%2Fcategories&post=929"},{"taxonomy":"post_tag","embeddable":true,"href":"https:\/\/szentistvan.dnyem.hu\/index.php?rest_route=%2Fwp%2Fv2%2Ftags&post=929"}],"curies":[{"name":"wp","href":"https:\/\/api.w.org\/{rel}","templated":true}]}}