{"id":927,"date":"2016-08-14T08:52:35","date_gmt":"2016-08-14T06:52:35","guid":{"rendered":"http:\/\/szentistvan.dnyem.hu\/?p=927"},"modified":"2016-08-14T08:52:35","modified_gmt":"2016-08-14T06:52:35","slug":"liturgikus-testtartasok-5-resz-a-leborulas","status":"publish","type":"post","link":"https:\/\/szentistvan.dnyem.hu\/?p=927","title":{"rendered":"Liturgikus testtart\u00e1sok (5. r\u00e9sz): A leborul\u00e1s"},"content":{"rendered":"<p align=\"justify\"><span style=\"font-family: Calibri,serif;\"><span style=\"font-size: medium;\"><b> <\/b><span style=\"color: #000000;\"><span style=\"font-family: Arial Narrow,serif;\"><span style=\"font-size: medium;\">Minden vall\u00e1sban szok\u00e1sos gyakorlat leborulni Isten el\u0151tt, els\u0151sorban az iszl\u00e1mban. Az \u00d3sz\u00f6vets\u00e9g h\u00edr\u00fcl adja, hogy \u00c1brah\u00e1m arcra borult Isten el\u0151tt, amikor tal\u00e1lkozott Vele (<\/span><\/span><\/span><span style=\"font-family: Arial Narrow,serif;\"><span style=\"font-size: medium;\">v\u00f6. <\/span><\/span><span style=\"color: #000000;\"><span style=\"font-family: Arial Narrow,serif;\"><span style=\"font-size: medium;\">T<\/span><\/span><\/span><span style=\"font-family: Arial Narrow,serif;\"><span style=\"font-size: medium;\">e<\/span><\/span><span style=\"color: #000000;\"><span style=\"font-family: Arial Narrow,serif;\"><span style=\"font-size: medium;\">r 17,3; 24,26). Krisztus is arcra borult, amikor az Olajf\u00e1k hegy\u00e9n im\u00e1dkozott (<\/span><\/span><\/span><span style=\"font-family: Arial Narrow,serif;\"><span style=\"font-size: medium;\">v\u00f6. <\/span><\/span><span style=\"color: #000000;\"><span style=\"font-family: Arial Narrow,serif;\"><span style=\"font-size: medium;\">Mt 26,39). A korai egyh\u00e1zban, de k\u00fcl\u00f6n\u00f6sen a k\u00f6z\u00e9pkorban, a <\/span><\/span><\/span><span style=\"font-family: Arial Narrow,serif;\"><span style=\"font-size: medium;\">leborul\u00e1s <\/span><\/span><span style=\"color: #000000;\"><span style=\"font-family: Arial Narrow,serif;\"><span style=\"font-size: medium;\">igen kedvelt volt a h\u00edv\u0151k k\u00f6r\u00e9ben. A liturgi\u00e1ban ma m\u00e1r csak nagyp\u00e9nteken tal\u00e1lkozunk vele, illetve a diak\u00f3nusok, papok, ap\u00e1tok \u00e9s p\u00fcsp\u00f6k\u00f6k szentel\u00e9sekor; \u00e9s persze fogadalomt\u00e9telkor. A <\/span><\/span><\/span><span style=\"font-family: Arial Narrow,serif;\"><span style=\"font-size: medium;\">leborul\u00e1s<\/span><\/span><span style=\"color: #000000;\"><span style=\"font-family: Arial Narrow,serif;\"><span style=\"font-size: medium;\"> al\u00e1zatot, al\u00e1vetetts\u00e9get, odaad\u00e1st, tehetetlens\u00e9get fejez ki. Beisme<\/span><\/span><\/span><span style=\"font-family: Arial Narrow,serif;\"><span style=\"font-size: medium;\">r<\/span><\/span><span style=\"color: #000000;\"><span style=\"font-family: Arial Narrow,serif;\"><span style=\"font-size: medium;\">j\u00fck, hogy por vagyunk.<\/span><\/span><\/span><\/span><\/span><\/p>\n<p align=\"justify\"><span style=\"font-family: Times New Roman,serif;\"><span style=\"font-size: small;\"><span style=\"color: #000000;\"><span style=\"font-family: Arial Narrow,serif;\"><span style=\"font-size: medium;\">A leborul\u00e1s kifejezi, hogy eg\u00e9sz test\u00fcnkkel mutatjuk meg Isten ir\u00e1nti im\u00e1datunkat. Err\u0151l a gesztusr\u00f3l mindig a k\u00f6vetkez\u0151 zsolt\u00e1rvers jut eszembe:<\/span><\/span><\/span> <span style=\"color: #000000;\"><span style=\"font-family: Arial Narrow,serif;\"><span style=\"font-size: medium;\">\u201e\u00c9rted s\u00f3v\u00e1rog a testem, mint a<\/span><\/span><\/span><span style=\"font-family: Arial Narrow,serif;\"><span style=\"font-size: medium;\"> sz\u00e1raz, tikkadt, kiaszott f\u00f6ld<\/span><\/span><span style=\"color: #000000;\"><span style=\"font-family: Arial Narrow,serif;\"><span style=\"font-size: medium;\">\u201d<\/span><\/span><\/span> <span style=\"color: #000000;\"><span style=\"font-family: Arial Narrow,serif;\"><span style=\"font-size: medium;\">(Zsolt 63,2)<\/span><\/span><\/span><span style=\"font-family: Arial Narrow,serif;\"><span style=\"font-size: medium;\">. E<\/span><\/span><span style=\"color: #000000;\"><span style=\"font-family: Arial Narrow,serif;\"><span style=\"font-size: medium;\">kkor megelevenedem, \u00e9s \u00e9rzem, hogy eg\u00e9sz testemben kiny\u00fajt\u00f3zom Isten fel\u00e9, v\u00e1gy\u00f3dom ut\u00e1na. Ez a gesztus mag\u00e1ban foglalja \u00e9leter\u0151nket, \u00e9s a nagyobb elevens\u00e9g ut\u00e1n v\u00e1gyakozunk.<\/span><\/span><\/span> <span style=\"color: #000000;\"><span style=\"font-family: Arial Narrow,serif;\"><span style=\"font-size: medium;\">A <\/span><\/span><\/span><span style=\"font-family: Arial Narrow,serif;\"><span style=\"font-size: medium;\">leborul\u00e1sban<\/span><\/span><span style=\"color: #000000;\"><span style=\"font-family: Arial Narrow,serif;\"><span style=\"font-size: medium;\"> meg tudok \u00e9rezni valamit ebb\u0151l az elevens\u00e9gb\u0151l. A Fens\u00e9gessel val\u00f3 egyes\u00fcl\u00e9s ir\u00e1nti minden v\u00e1gyakoz\u00e1somat bele tudom foglalni ebbe a gesztusba. Akkor megsejtem, hogy egyed\u00fcl Isten tudja csillap\u00edtani legm\u00e9lyebb v\u00e1gyamat, \u00e9rzem ezt testemmel \u00e9s minden \u00e9rz\u00e9kemmel. Nemis\u00e9gemmel is Istent im\u00e1dom.<\/span><\/span><\/span><\/span><\/span><\/p>\n<p align=\"justify\"><span style=\"font-family: Times New Roman,serif;\"><span style=\"font-size: small;\"><span style=\"color: #000000;\"><span style=\"font-family: Arial Narrow,serif;\"><span style=\"font-size: medium;\">N\u00e9ha azonban \u00e9rzem ennek a testtart\u00e1snak a m\u00e1sik vonatkoz\u00e1s\u00e1t:<\/span><\/span><\/span> <span style=\"color: #000000;\"><span style=\"font-family: Arial Narrow,serif;\"><span style=\"font-size: medium;\">\u201eDe \u00e9n csak f\u00e9reg vagyok,<\/span><\/span><\/span> <span style=\"color: #000000;\"><span style=\"font-family: Arial Narrow,serif;\"><span style=\"font-size: medium;\">nem ember,<\/span><\/span><\/span> <span style=\"color: #000000;\"><span style=\"font-family: Arial Narrow,serif;\"><span style=\"font-size: medium;\">az emberek g\u00fanyt\u00e1rgya,<\/span><\/span><\/span><span style=\"font-family: Arial Narrow,serif;\"><span style=\"font-size: medium;\"> s a n\u00e9pek megvetettje<\/span><\/span><span style=\"color: #000000;\"><span style=\"font-family: Arial Narrow,serif;\"><span style=\"font-size: medium;\">\u201d<\/span><\/span><\/span> <span style=\"color: #000000;\"><span style=\"font-family: Arial Narrow,serif;\"><span style=\"font-size: medium;\">(Zsolt 22,7)<\/span><\/span><\/span><span style=\"font-family: Arial Narrow,serif;\"><span style=\"font-size: medium;\">. <\/span><\/span><span style=\"color: #000000;\"><span style=\"font-family: Arial Narrow,serif;\"><span style=\"font-size: medium;\">Megtapasztalom m\u00e9lys\u00e9ges tehetetlens\u00e9gemet, hogy nem tudok magamon seg\u00edteni, hogy por vagyok, s hogy Istennek kell a porb\u00f3l f\u00f6lemelnie, hogy \u00e9lhessek.<\/span><\/span><\/span><\/span><\/span><\/p>\n<p align=\"justify\"><span style=\"font-family: Times New Roman,serif;\"><span style=\"font-size: small;\"><span style=\"color: #000000;\"><span style=\"font-family: Arial Narrow,serif;\"><span style=\"font-size: medium;\">Ha ez a r\u00edtus megjelenik a liturgi\u00e1ban, az a legnagyobb fok\u00fa megrend\u00fclts\u00e9g jele. Amikor a szentelend\u0151 pap vagy ap\u00e1t mindenki szeme l\u00e1tt\u00e1ra lefekszik a padl\u00f3ra, s el\u00e9nekli<\/span><\/span><\/span><span style=\"font-family: Arial Narrow,serif;\"><span style=\"font-size: medium;\">k f\u00f6l\u00f6tte a Mindenszentek lit\u00e1n<\/span><\/span><span style=\"color: #000000;\"><span style=\"font-family: Arial Narrow,serif;\"><span style=\"font-size: medium;\">i\u00e1j\u00e1t, vil\u00e1gosan \u00e9rezni lehet, hogy a pap vagy az ap\u00e1t tiszts\u00e9ge nem a saj\u00e1t \u00e9rdeme, hanem minden kegyelem, hogy Isten f\u00f6lemel minket a porb\u00f3l, felmagasztal \u00e9s tr\u00f3nra \u00fcltet. Tekint\u00e9ly\u00fcnket t\u0151le kaptuk. Lehet\u00fcnk gyeng\u00e9k is hivatalunkban, mert \u0151 f\u00f6lemel minket, s elk\u00fcldi nek\u00fcnk Lelk\u00e9t, Akinek erej\u00e9b\u0151l besz\u00e9l\u00fcnk \u00e9s cseleksz\u00fcnk.<\/span><\/span><\/span><\/span><\/span><\/p>\n<p align=\"right\"><span style=\"font-family: Times New Roman,serif;\"><span style=\"font-size: small;\"><span style=\"font-family: Arial Narrow,serif;\">(A. Gr\u00fcn \u2014 M. Reepen, Az im\u00e1dkoz\u00f3 ember gesztusa, Pannonhalma 2000.)<\/span><\/span><\/span><\/p>\n","protected":false},"excerpt":{"rendered":"<p>Minden vall\u00e1sban szok\u00e1sos gyakorlat leborulni Isten el\u0151tt, els\u0151sorban az iszl\u00e1mban. Az \u00d3sz\u00f6vets\u00e9g h\u00edr\u00fcl adja, hogy \u00c1brah\u00e1m arcra borult Isten el\u0151tt, amikor tal\u00e1lkozott Vele (v\u00f6. Ter&#8230;<\/p>\n","protected":false},"author":2,"featured_media":0,"comment_status":"closed","ping_status":"open","sticky":false,"template":"","format":"standard","meta":[],"categories":[1],"tags":[],"_links":{"self":[{"href":"https:\/\/szentistvan.dnyem.hu\/index.php?rest_route=\/wp\/v2\/posts\/927"}],"collection":[{"href":"https:\/\/szentistvan.dnyem.hu\/index.php?rest_route=\/wp\/v2\/posts"}],"about":[{"href":"https:\/\/szentistvan.dnyem.hu\/index.php?rest_route=\/wp\/v2\/types\/post"}],"author":[{"embeddable":true,"href":"https:\/\/szentistvan.dnyem.hu\/index.php?rest_route=\/wp\/v2\/users\/2"}],"replies":[{"embeddable":true,"href":"https:\/\/szentistvan.dnyem.hu\/index.php?rest_route=%2Fwp%2Fv2%2Fcomments&post=927"}],"version-history":[{"count":1,"href":"https:\/\/szentistvan.dnyem.hu\/index.php?rest_route=\/wp\/v2\/posts\/927\/revisions"}],"predecessor-version":[{"id":928,"href":"https:\/\/szentistvan.dnyem.hu\/index.php?rest_route=\/wp\/v2\/posts\/927\/revisions\/928"}],"wp:attachment":[{"href":"https:\/\/szentistvan.dnyem.hu\/index.php?rest_route=%2Fwp%2Fv2%2Fmedia&parent=927"}],"wp:term":[{"taxonomy":"category","embeddable":true,"href":"https:\/\/szentistvan.dnyem.hu\/index.php?rest_route=%2Fwp%2Fv2%2Fcategories&post=927"},{"taxonomy":"post_tag","embeddable":true,"href":"https:\/\/szentistvan.dnyem.hu\/index.php?rest_route=%2Fwp%2Fv2%2Ftags&post=927"}],"curies":[{"name":"wp","href":"https:\/\/api.w.org\/{rel}","templated":true}]}}