{"id":925,"date":"2016-08-14T08:51:29","date_gmt":"2016-08-14T06:51:29","guid":{"rendered":"http:\/\/szentistvan.dnyem.hu\/?p=925"},"modified":"2016-08-14T08:51:29","modified_gmt":"2016-08-14T06:51:29","slug":"segitseg-a-tanevkezdeshez","status":"publish","type":"post","link":"https:\/\/szentistvan.dnyem.hu\/?p=925","title":{"rendered":"Seg\u00edts\u00e9g a tan\u00e9vkezd\u00e9shez"},"content":{"rendered":"<p align=\"justify\"><span style=\"font-family: Calibri,serif;\"><span style=\"font-size: medium;\"><span style=\"font-family: Arial Narrow,serif;\">J\u00f3 \u00e1llapotban l\u00e9v\u0151 <strong>haszn\u00e1lt vagy \u00faj t<\/strong><\/span><span style=\"color: #000000;\"><span style=\"font-family: Arial Narrow,serif;\"><strong>anszerek gy\u0171jt\u00e9s\u00e9t kezdj\u00fck el<\/strong> az \u00faj tan\u00e9vre. <\/span><\/span><\/span><\/span><\/p>\n<p align=\"justify\"><span style=\"font-family: Calibri,serif;\"><span style=\"font-size: medium;\"><span style=\"color: #000000;\"><span style=\"font-family: Arial Narrow,serif;\">A tanszerek mellett <strong>p\u00e9nzbeli hozz\u00e1j\u00e1rul\u00e1s<\/strong> is adhat\u00f3. Az ut\u00f3bbi gy\u0171jt\u00e9s\u00e9re szolg\u00e1l\u00f3 perselyt megtal\u00e1lhatj\u00e1k a templom sz\u00e9lfog\u00f3j\u00e1ban. Ugyanide hozhatj\u00e1k el a tanszereket.<\/span><\/span><\/span><\/span><\/p>\n<p align=\"justify\"><span style=\"font-family: Calibri,serif;\"><span style=\"font-size: medium;\"><span style=\"color: #000000;\"><span style=\"font-family: Arial Narrow,serif;\">Az adom\u00e1nyok enyh\u00edtenek azon sz\u00fcl\u0151k gondjain, akiknek megnehez\u00edtett a tan\u00e9vkezd\u00e9s.<\/span><\/span><\/span><\/span><\/p>\n","protected":false},"excerpt":{"rendered":"<p>J\u00f3 \u00e1llapotban l\u00e9v\u0151 haszn\u00e1lt vagy \u00faj tanszerek gy\u0171jt\u00e9s\u00e9t kezdj\u00fck el az \u00faj tan\u00e9vre. A tanszerek mellett p\u00e9nzbeli hozz\u00e1j\u00e1rul\u00e1s is adhat\u00f3. Az ut\u00f3bbi gy\u0171jt\u00e9s\u00e9re szolg\u00e1l\u00f3 perselyt&#8230;<\/p>\n","protected":false},"author":2,"featured_media":0,"comment_status":"closed","ping_status":"open","sticky":false,"template":"","format":"standard","meta":[],"categories":[1,2],"tags":[],"_links":{"self":[{"href":"https:\/\/szentistvan.dnyem.hu\/index.php?rest_route=\/wp\/v2\/posts\/925"}],"collection":[{"href":"https:\/\/szentistvan.dnyem.hu\/index.php?rest_route=\/wp\/v2\/posts"}],"about":[{"href":"https:\/\/szentistvan.dnyem.hu\/index.php?rest_route=\/wp\/v2\/types\/post"}],"author":[{"embeddable":true,"href":"https:\/\/szentistvan.dnyem.hu\/index.php?rest_route=\/wp\/v2\/users\/2"}],"replies":[{"embeddable":true,"href":"https:\/\/szentistvan.dnyem.hu\/index.php?rest_route=%2Fwp%2Fv2%2Fcomments&post=925"}],"version-history":[{"count":1,"href":"https:\/\/szentistvan.dnyem.hu\/index.php?rest_route=\/wp\/v2\/posts\/925\/revisions"}],"predecessor-version":[{"id":926,"href":"https:\/\/szentistvan.dnyem.hu\/index.php?rest_route=\/wp\/v2\/posts\/925\/revisions\/926"}],"wp:attachment":[{"href":"https:\/\/szentistvan.dnyem.hu\/index.php?rest_route=%2Fwp%2Fv2%2Fmedia&parent=925"}],"wp:term":[{"taxonomy":"category","embeddable":true,"href":"https:\/\/szentistvan.dnyem.hu\/index.php?rest_route=%2Fwp%2Fv2%2Fcategories&post=925"},{"taxonomy":"post_tag","embeddable":true,"href":"https:\/\/szentistvan.dnyem.hu\/index.php?rest_route=%2Fwp%2Fv2%2Ftags&post=925"}],"curies":[{"name":"wp","href":"https:\/\/api.w.org\/{rel}","templated":true}]}}