{"id":920,"date":"2016-08-09T22:01:06","date_gmt":"2016-08-09T20:01:06","guid":{"rendered":"http:\/\/szentistvan.dnyem.hu\/?p=920"},"modified":"2016-08-09T22:02:23","modified_gmt":"2016-08-09T20:02:23","slug":"liturgikus-testtartasok-3-resz-az-ules","status":"publish","type":"post","link":"https:\/\/szentistvan.dnyem.hu\/?p=920","title":{"rendered":"Liturgikus testtart\u00e1sok (3. r\u00e9sz): Az \u00fcl\u00e9s"},"content":{"rendered":"<p>Sok n\u00e9pn\u00e9l az \u00fcl\u00e9s is az im\u00e1ds\u00e1g egy testtart\u00e1sa. Az ember \u00fclve, \u00f6sszeszedetten medit\u00e1l, befel\u00e9 hallgat\u00f3zik Isten sz\u00edne el\u0151tt, Istenbe mer\u00fclve figyel a csendre. Az \u00fcl\u00e9s a korai<br \/>\nszerzetess\u00e9gben is a medit\u00e1ci\u00f3 l\u00e9nyeges tart\u00e1sa volt. N\u00e9ha \u00fagy hat\u00e1rozz\u00e1k meg a szerzeteseket, mint olyan embereket, akik a sivatagban vagy a cell\u00e1jukban \u00fclnek, tudatosan lemondanak a mozg\u00e1s k\u00e9sztet\u00e9s\u00e9r\u0151l, kitartanak Isten sz\u00edne el\u0151tt, s \u00fclve \u00e9s hallgatva v\u00e1rnak, hogy Istennel egyes\u00fclhessenek. A korai egyh\u00e1zban a h\u00edvek \u00e1ltal\u00e1ban \u00fcltek az istentiszteleten, a voltak\u00e9ppeni im\u00e1ds\u00e1gokhoz azonban fel\u00e1lltak.<\/p>\n<p>\u00c9lete sor\u00e1n J\u00e9zus els\u0151sorban olyankor \u00fcl, amikor tan\u00edtv\u00e1nyait oktatja (Mt 5,1). Az \u00fcl\u00e9s sz\u00e1munkra is a gondolkod\u00e1s, az \u00darra val\u00f3 odafigyel\u00e9s tart\u00e1sa: \u201eM\u00e1ria oda\u00fclt az \u00dar l\u00e1b\u00e1hoz \u00e9s hallgatta szavait\u201d (Lk 10,39). Az \u00fcl\u00e9s testtart\u00e1s\u00e1ban befogad\u00f3k\u00e9pesek vagyunk. Ha a liturgia alatt ilyen egyenesen \u00e9s \u00f6sszeszedetten \u00fcl\u00fcnk a padban, Isten szava, melyet az olvasm\u00e1nyban hallunk, m\u00e9lyre esik bel\u00e9nk. Nemcsak a f\u00fcl\u00fcnkkel \u00e9s a fej\u00fcnkkel hallunk, hanem a sz\u00edv\u00fcnkkel is, az eg\u00e9sz test\u00fcnkkel. Isten szava eltal\u00e1l \u00e9s megv\u00e1ltoztat minket. Az \u00fcl\u00e9s a medit\u00e1ci\u00f3 testtart\u00e1sa, \u00e9ber \u00fcl\u00e9s, nyitott mindenre, ami a hallgat\u00e1s sor\u00e1n felsz\u00ednre ker\u00fcl, \u00e9s amit Isten a hallgat\u00e1sban mondani akar nek\u00fcnk.<\/p>\n<p>Az \u00fcl\u00e9s egyik m\u00e1r feled\u00e9sbe mer\u00fclt jelent\u00e9se a tr\u00f3nol\u00e1s. Tudatosan egyenes h\u00e1ttal \u00fcl\u00fcnk, \u00e9s elk\u00e9pzelj\u00fck, hogy r\u00e9szesed\u00fcnk Krisztusnak a gonosz \u00e9s a hal\u00e1l f\u00f6l\u00f6tti uralm\u00e1ban, lelk\u00fcnk ellens\u00e9gei f\u00f6l\u00f6tti uralm\u00e1ban. A tr\u00f3nol\u00e1s r\u00e9v\u00e9n meg\u00e9rezz\u00fck saj\u00e1t m\u00e9lt\u00f3s\u00e1gunkat. Kir\u00e1lyi gyermekek vagyunk, akiket isteni \u00e9let t\u00f6lt be \u00e9s \u00e1tj\u00e1r a L\u00e9lek. Kegyelemb\u0151l tr\u00f3nolunk, nem saj\u00e1t teljes\u00edtm\u00e9ny\u00fcnk eredm\u00e9nyek\u00e9ppen. Isten f\u00f6lmagasztalt minket a porb\u00f3l \u00e9s tr\u00f3nra \u00fcltetett. <\/p>\n<p>Ha kipr\u00f3b\u00e1ljuk ezt a tart\u00e1st, megsejt\u00fcnk valamit megv\u00e1lt\u00e1sunk titk\u00e1b\u00f3l. Meg\u00e9rezz\u00fck, milyen j\u00f3t tesz nek\u00fcnk ez a tart\u00e1s, milyen \u00fajnak, m\u00e1snak, t\u00e1gasnak \u00e9s szabadnak \u00e9lj\u00fck meg magunkat, szoros kapcsolatban Istennel \u00e9s l\u00e9ny\u00fcnk val\u00f3di magv\u00e1val. Megsejt\u00fcnk valamit abb\u00f3l a bizalomb\u00f3l, amit Krisztus aj\u00e1nd\u00e9koz nek\u00fcnk, hiszen m\u00e1r most r\u00e9szesed\u00fcnk az \u0151 gy\u0151zelm\u00e9ben minden f\u00f6l\u00f6tt, ami \u00e1rthat nek\u00fcnk. Semmi nem lehet m\u00e1r \u00e1rtalmunkra, semmi nem v\u00e1laszthat el minket a J\u00e9zus Krisztussal val\u00f3 k\u00f6z\u00f6ss\u00e9gt\u0151l.\u201d <\/p>\n<p>(A. Gr\u00fcn \u2014 M. Reepen, Az im\u00e1dkoz\u00f3 ember gesztusa, Pannonhalma 2000.)<\/p>\n","protected":false},"excerpt":{"rendered":"<p>Sok n\u00e9pn\u00e9l az \u00fcl\u00e9s is az im\u00e1ds\u00e1g egy testtart\u00e1sa. Az ember \u00fclve, \u00f6sszeszedetten medit\u00e1l, befel\u00e9 hallgat\u00f3zik Isten sz\u00edne el\u0151tt, Istenbe mer\u00fclve figyel a csendre. Az&#8230;<\/p>\n","protected":false},"author":2,"featured_media":0,"comment_status":"closed","ping_status":"open","sticky":false,"template":"","format":"standard","meta":[],"categories":[1],"tags":[],"_links":{"self":[{"href":"https:\/\/szentistvan.dnyem.hu\/index.php?rest_route=\/wp\/v2\/posts\/920"}],"collection":[{"href":"https:\/\/szentistvan.dnyem.hu\/index.php?rest_route=\/wp\/v2\/posts"}],"about":[{"href":"https:\/\/szentistvan.dnyem.hu\/index.php?rest_route=\/wp\/v2\/types\/post"}],"author":[{"embeddable":true,"href":"https:\/\/szentistvan.dnyem.hu\/index.php?rest_route=\/wp\/v2\/users\/2"}],"replies":[{"embeddable":true,"href":"https:\/\/szentistvan.dnyem.hu\/index.php?rest_route=%2Fwp%2Fv2%2Fcomments&post=920"}],"version-history":[{"count":1,"href":"https:\/\/szentistvan.dnyem.hu\/index.php?rest_route=\/wp\/v2\/posts\/920\/revisions"}],"predecessor-version":[{"id":921,"href":"https:\/\/szentistvan.dnyem.hu\/index.php?rest_route=\/wp\/v2\/posts\/920\/revisions\/921"}],"wp:attachment":[{"href":"https:\/\/szentistvan.dnyem.hu\/index.php?rest_route=%2Fwp%2Fv2%2Fmedia&parent=920"}],"wp:term":[{"taxonomy":"category","embeddable":true,"href":"https:\/\/szentistvan.dnyem.hu\/index.php?rest_route=%2Fwp%2Fv2%2Fcategories&post=920"},{"taxonomy":"post_tag","embeddable":true,"href":"https:\/\/szentistvan.dnyem.hu\/index.php?rest_route=%2Fwp%2Fv2%2Ftags&post=920"}],"curies":[{"name":"wp","href":"https:\/\/api.w.org\/{rel}","templated":true}]}}