{"id":915,"date":"2016-08-08T17:41:29","date_gmt":"2016-08-08T15:41:29","guid":{"rendered":"http:\/\/szentistvan.dnyem.hu\/?p=915"},"modified":"2016-08-09T22:03:21","modified_gmt":"2016-08-09T20:03:21","slug":"templombucsu","status":"publish","type":"post","link":"https:\/\/szentistvan.dnyem.hu\/?p=915","title":{"rendered":"Templomb\u00facs\u00fa"},"content":{"rendered":"<h1>Templomb\u00facs\u00fank \u00fcnnep\u00e9nek programja:<\/h1>\n<h2>Augusztus 19. (p\u00e9ntek)<\/h2>\n<p>08.00 (szentmise) &#8211; 18.00: szents\u00e9gim\u00e1d\u00e1s<\/p>\n<p>18.00: Szent Istv\u00e1n \u00fcnnepi esti dics\u00e9ret (\u00e9nekes vesper\u00e1s), ut\u00e1na az \u00faj keny\u00e9r meg\u00e1ld\u00e1sa<\/p>\n<p>A szents\u00e9gim\u00e1d\u00e1si \u00f3r\u00e1khoz fel lehet iratkozni.<\/p>\n<h2>Augusztus 20. (szombat)<\/h2>\n<p>09.30: r\u00f3zsaf\u00fcz\u00e9r-im\u00e1dkoz\u00e1s<\/p>\n<p><strong>10.00: \u00fcnnepi szentmise, melynek f\u0151celebr\u00e1nsa Ft. Pal\u00e1nki Ferenc debrecen-ny\u00edregyh\u00e1zi p\u00fcsp\u00f6k<\/strong><\/p>\n<p>A mise v\u00e9g\u00e9n Szent Istv\u00e1n szobr\u00e1nak megkoszor\u00faz\u00e1sa, majd agap\u00e9 a templomkertben, amelyre s\u00fctem\u00e9nyt sz\u00edveskedjenek magukkal hozni.<\/p>\n<p><img loading=\"lazy\" class=\"alignnone size-medium wp-image-918\" src=\"http:\/\/szentistvan.dnyem.hu\/wp-content\/uploads\/2016\/08\/meghivo_2016_08_19-20-382x540.jpg\" alt=\"meghivo_2016_08_19-20\" width=\"382\" height=\"540\" srcset=\"https:\/\/szentistvan.dnyem.hu\/wp-content\/uploads\/2016\/08\/meghivo_2016_08_19-20-382x540.jpg 382w, https:\/\/szentistvan.dnyem.hu\/wp-content\/uploads\/2016\/08\/meghivo_2016_08_19-20.jpg 524w\" sizes=\"(max-width: 382px) 100vw, 382px\" \/><\/p>\n","protected":false},"excerpt":{"rendered":"<p>Templomb\u00facs\u00fank \u00fcnnep\u00e9nek programja: Augusztus 19. (p\u00e9ntek) 08.00 (szentmise) &#8211; 18.00: szents\u00e9gim\u00e1d\u00e1s 18.00: Szent Istv\u00e1n \u00fcnnepi esti dics\u00e9ret (\u00e9nekes vesper\u00e1s), ut\u00e1na az \u00faj keny\u00e9r meg\u00e1ld\u00e1sa A&#8230;<\/p>\n","protected":false},"author":2,"featured_media":0,"comment_status":"closed","ping_status":"open","sticky":false,"template":"","format":"standard","meta":[],"categories":[2],"tags":[],"_links":{"self":[{"href":"https:\/\/szentistvan.dnyem.hu\/index.php?rest_route=\/wp\/v2\/posts\/915"}],"collection":[{"href":"https:\/\/szentistvan.dnyem.hu\/index.php?rest_route=\/wp\/v2\/posts"}],"about":[{"href":"https:\/\/szentistvan.dnyem.hu\/index.php?rest_route=\/wp\/v2\/types\/post"}],"author":[{"embeddable":true,"href":"https:\/\/szentistvan.dnyem.hu\/index.php?rest_route=\/wp\/v2\/users\/2"}],"replies":[{"embeddable":true,"href":"https:\/\/szentistvan.dnyem.hu\/index.php?rest_route=%2Fwp%2Fv2%2Fcomments&post=915"}],"version-history":[{"count":3,"href":"https:\/\/szentistvan.dnyem.hu\/index.php?rest_route=\/wp\/v2\/posts\/915\/revisions"}],"predecessor-version":[{"id":923,"href":"https:\/\/szentistvan.dnyem.hu\/index.php?rest_route=\/wp\/v2\/posts\/915\/revisions\/923"}],"wp:attachment":[{"href":"https:\/\/szentistvan.dnyem.hu\/index.php?rest_route=%2Fwp%2Fv2%2Fmedia&parent=915"}],"wp:term":[{"taxonomy":"category","embeddable":true,"href":"https:\/\/szentistvan.dnyem.hu\/index.php?rest_route=%2Fwp%2Fv2%2Fcategories&post=915"},{"taxonomy":"post_tag","embeddable":true,"href":"https:\/\/szentistvan.dnyem.hu\/index.php?rest_route=%2Fwp%2Fv2%2Ftags&post=915"}],"curies":[{"name":"wp","href":"https:\/\/api.w.org\/{rel}","templated":true}]}}