{"id":904,"date":"2016-07-23T14:17:46","date_gmt":"2016-07-23T12:17:46","guid":{"rendered":"http:\/\/szentistvan.dnyem.hu\/?p=904"},"modified":"2016-08-09T22:01:38","modified_gmt":"2016-08-09T20:01:38","slug":"liturgikus-testtartasok-3-resz-a-terdeles","status":"publish","type":"post","link":"https:\/\/szentistvan.dnyem.hu\/?p=904","title":{"rendered":"Liturgikus testtart\u00e1sok (4. r\u00e9sz): A t\u00e9rdel\u00e9s"},"content":{"rendered":"<p>Mit tesz az ember, ha elragadja a g\u0151g? Kih\u00fazza mag\u00e1t, f\u00f6lv\u00e1gja a fej\u00e9t, kifesz\u00edti mell\u00e9t \u00e9s eg\u00e9sz termet\u00e9t. Minden azt harsogja benne: ,,T\u00f6bb vagyok, mint te!\u201d De ha valaki al\u00e1zatos lelk\u0171, kicsinynek \u00e9rzi mag\u00e1t, lehajtja a fej\u00e9t s \u00f6sszezsugorodik: ,,megal\u00e1zza mag\u00e1t\u201d. \u00c9s pedig ann\u00e1l m\u00e9lyebben, min\u00e9l nagyobb az, aki el\u0151tt \u00e1ll, s min\u00e9l kisebbnek t\u0171nik fel \u0151 \u00f6nmaga el\u0151tt.<\/p>\n<p>De mikor \u00e9rezz\u00fck vil\u00e1gosabban, milyen kicsinyek vagyunk, mint akkor, ha az Isten el\u0151tt \u00e1llunk? A hatalmas Isten, aki \u00e9pp \u00fagy volt tegnap mint ma, \u00e9s \u00e9pp \u00fagy lesz sz\u00e1z meg ezer \u00e9v m\u00falva is! Aki bet\u00f6lti ezt a szob\u00e1t \u00e9s az eg\u00e9sz v\u00e1rost, a f\u00f6ldkereks\u00e9get \u00e9s a m\u00e9rhetetlen csillagos eget. S mindez csak annyi el\u0151tte, mint egy porszem. A szent Isten, a tiszta, igazs\u00e1gos \u00e9s v\u00e9gtelen\u00fcl f\u00f6ns\u00e9ges&#8230; Milyen nagy is \u0150&#8230; \u00e9s milyen kicsiny vagyok \u00e9n! Olyan kicsiny, hogy egy\u00e1ltal\u00e1n nem is hasonl\u00edthatom magamat \u0150hozz\u00e1, olyan kicsiny, hogy semmi sem vagyok \u0150el\u0151tte. Ha az ember ezt j\u00f3l meggondolja, eg\u00e9szen term\u00e9szetesnek \u00e9rzi, hogy nem \u00e1llhat meg b\u00fcszk\u00e9n \u0150el\u0151tte. Az ember ,,megal\u00e1zkodik\u201d, szeretn\u00e9 alacsonyabb\u00e1 tenni termet\u00e9t, hogy ne \u00e1lljon ott olyan kih\u00edv\u00f3an, \u2014 \u00e9s \u00edme, m\u00e1ris f\u00f6l\u00e1ldozta magass\u00e1g\u00e1nak fel\u00e9t: let\u00e9rdelt. S ha ez m\u00e9g nem volna el\u00e9g a lelk\u00e9nek, meg is hajolhat hozz\u00e1. \u00c9s ez a meghajolt alak azt mondja: ,,Te vagy a v\u00e9gtelen Isten, \u00e9n pedig a semmi.\u201d<\/p>\n<p>Ha t\u00e9rdet hajtasz, l\u00e9gy rajta, hogy ne legyen az elsietett, \u00fcres mozdulat. \u00d6nts lelket bel\u00e9! A t\u00e9rdhajt\u00e1snak lelke pedig az, hogy a sz\u00edv m\u00e9lys\u00e9ges tisztelettel bels\u0151leg is meghajol Isten el\u0151tt. Ha a templomba j\u00f6ssz, vagy onn\u00e9t t\u00e1vozol, vagy ha elhaladsz az olt\u00e1r el\u0151tt, hajtsd meg t\u00e9rdedet sz\u00e9p nyugodtan eg\u00e9szen a f\u00f6ldig, s vidd bele ebbe a t\u00e9rdhajt\u00e1sba eg\u00e9sz lelkedet, mely \u00edgy sz\u00f3ljon: ,,\u00c9n v\u00e9ghetetlen Istenem&#8230;!\u201d Ez azut\u00e1n al\u00e1zat, ez igazs\u00e1g, \u00e9s mindannyiszor j\u00f3t fog tenni lelkednek.<\/p>\n<p>(R. Guardini, \u00d6r\u00f6km\u00e9cs. A liturgia vil\u00e1ga, SzIT, Budapest 1983.)<\/p>\n","protected":false},"excerpt":{"rendered":"<p>Mit tesz az ember, ha elragadja a g\u0151g? Kih\u00fazza mag\u00e1t, f\u00f6lv\u00e1gja a fej\u00e9t, kifesz\u00edti mell\u00e9t \u00e9s eg\u00e9sz termet\u00e9t. Minden azt harsogja benne: ,,T\u00f6bb vagyok, mint&#8230;<\/p>\n","protected":false},"author":2,"featured_media":0,"comment_status":"closed","ping_status":"open","sticky":false,"template":"","format":"standard","meta":[],"categories":[1],"tags":[],"_links":{"self":[{"href":"https:\/\/szentistvan.dnyem.hu\/index.php?rest_route=\/wp\/v2\/posts\/904"}],"collection":[{"href":"https:\/\/szentistvan.dnyem.hu\/index.php?rest_route=\/wp\/v2\/posts"}],"about":[{"href":"https:\/\/szentistvan.dnyem.hu\/index.php?rest_route=\/wp\/v2\/types\/post"}],"author":[{"embeddable":true,"href":"https:\/\/szentistvan.dnyem.hu\/index.php?rest_route=\/wp\/v2\/users\/2"}],"replies":[{"embeddable":true,"href":"https:\/\/szentistvan.dnyem.hu\/index.php?rest_route=%2Fwp%2Fv2%2Fcomments&post=904"}],"version-history":[{"count":2,"href":"https:\/\/szentistvan.dnyem.hu\/index.php?rest_route=\/wp\/v2\/posts\/904\/revisions"}],"predecessor-version":[{"id":922,"href":"https:\/\/szentistvan.dnyem.hu\/index.php?rest_route=\/wp\/v2\/posts\/904\/revisions\/922"}],"wp:attachment":[{"href":"https:\/\/szentistvan.dnyem.hu\/index.php?rest_route=%2Fwp%2Fv2%2Fmedia&parent=904"}],"wp:term":[{"taxonomy":"category","embeddable":true,"href":"https:\/\/szentistvan.dnyem.hu\/index.php?rest_route=%2Fwp%2Fv2%2Fcategories&post=904"},{"taxonomy":"post_tag","embeddable":true,"href":"https:\/\/szentistvan.dnyem.hu\/index.php?rest_route=%2Fwp%2Fv2%2Ftags&post=904"}],"curies":[{"name":"wp","href":"https:\/\/api.w.org\/{rel}","templated":true}]}}