{"id":898,"date":"2016-07-23T14:12:32","date_gmt":"2016-07-23T12:12:32","guid":{"rendered":"http:\/\/szentistvan.dnyem.hu\/?p=898"},"modified":"2016-07-23T14:14:14","modified_gmt":"2016-07-23T12:14:14","slug":"liturgikus-testtartasok-2-resz-a-jaras","status":"publish","type":"post","link":"https:\/\/szentistvan.dnyem.hu\/?p=898","title":{"rendered":"Liturgikus testtart\u00e1sok (2. r\u00e9sz): A j\u00e1r\u00e1s"},"content":{"rendered":"<p>H\u00e1nyan tudnak igaz\u00e1n j\u00e1rni? Mert a j\u00e1r\u00e1s nem siet\u00e9s \u00e9s fut\u00e1s, hanem nyugodt mozg\u00e1s. Nem cs\u00fasz\u00e1s-m\u00e1sz\u00e1s, hanem biztos el\u0151rehalad\u00e1s. Aki j\u00e1r, ruganyosan l\u00e9p, nem vonszolja mag\u00e1t. A t\u00f6rzs egyenesen \u00e1ll, nem meghajolva. Nem bizonytalanul mozog, hanem biztos egyformas\u00e1ggal. Igaz\u00e1n j\u00f3l j\u00e1rni nem k\u00f6z\u00f6ns\u00e9ges dolog. Szabadon, \u00e9s m\u00e9gis nemes fegyelemmel. K\u00f6nnyen \u00e9s er\u0151sen, egyenesen \u00e9s teherb\u00edr\u00f3an, nyugodtan \u00e9s el\u0151ret\u00f6r\u0151 lend\u00fclettel. \u00c9s aszerint, hogy f\u00e9rfi, vagy n\u0151 j\u00e1r-e, a j\u00e1r\u00e1sban van valami katon\u00e1ss\u00e1g, vagy kecsess\u00e9g; az egyik k\u00fcls\u0151 terhet hordoz, a m\u00e1sik der\u0171s, nyugodt, bens\u0151s\u00e9ges vil\u00e1got.<\/p>\n<p>\u00c9s milyen sz\u00e9pp\u00e9 v\u00e1lik a j\u00e1r\u00e1s, ha vall\u00e1sos lelk\u00fclet hatja \u00e1t! Istentisztelett\u00e9 nemesedhet. M\u00e1r egyszer\u0171en a tudatos \u00e9s h\u00f3dolatos el\u0151rehalad\u00e1s is az Isten sz\u00edne el\u0151tt, mint pl. ha valaki a templomban, a legf\u0151bb \u00dar h\u00e1z\u00e1ban, \u00e9s f\u0151k\u00e9nt az \u0150 szemel\u00e1tt\u00e1ra j\u00e1r. De j\u00e1r\u00e1sunkkal Isten k\u00eds\u00e9r\u0151iv\u00e9 is szeg\u0151dhet\u00fcnk: \u00edgy pl. a k\u00f6rmenetek alkalm\u00e1val. Te persze most tal\u00e1n arra gondolsz, hogy a k\u00f6rmenetek r\u00e9sztvev\u0151i gyakran milyen fegyelmezetlen\u00fcl l\u00f6kd\u00f6s\u0151dnek, milyen unottan vonszolj\u00e1k magukat \u00e9s hogyan b\u00e1m\u00e9szkodnak szertesz\u00e9t? Pedig milyen \u00fcnnep\u00e9lyess\u00e9 \u00e9s l\u00e9lekemel\u0151v\u00e9 v\u00e1lhat a k\u00f6rmenet, amelyben az Urat k\u00eds\u00e9rj\u00fck a v\u00e1ros utc\u00e1in, vagy az ,,\u0150 mez\u0151in,&#8221; ha mindenki im\u00e1ds\u00e1gos l\u00e9lekkel j\u00e1r: a f\u00e9rfiak katon\u00e1s fegyelemmel, a n\u0151k anyai m\u00e9lt\u00f3s\u00e1ggal, a le\u00e1nyok a maguk fiatalos vid\u00e1m b\u00e1j\u00e1val, az ifjak fegyelmezett er\u0151vel!<\/p>\n<p>Ily m\u00f3don a b\u0171nb\u00e1nati k\u00f6rmenet is testet \u00f6lt\u00f6tt im\u00e1ds\u00e1gg\u00e1 alakulhat \u00e1t. Megtestes\u00fclt tudata lehet b\u0171neinknek \u00e9s nyomor\u00fas\u00e1gunknak, \u00e9s m\u00e9gis telve kereszt\u00e9nyi bizalommal, amely meg van gy\u0151z\u0151dve arr\u00f3l, hogy mik\u00e9nt az emberben van egy er\u0151, a nyugodt, \u00f6nmag\u00e1ban biztos akarat, mely f\u00f6l\u00f6tte \u00e1ll minden t\u00f6bbi erej\u00e9nek, azonk\u00e9ppen van egy legf\u0151bb Hatalom is, mely felette \u00e1ll minden nyomor\u00fas\u00e1gnak \u00e9s b\u0171nnek, \u00e9s ez a Hatalom az \u00e9l\u0151 Isten.<\/p>\n<p>Nemde a j\u00e1r\u00e1s az emberi term\u00e9szet nemess\u00e9g\u00e9nek is egyik t\u00e9nyez\u0151je? Egyed\u00fcl az embernek kiv\u00e1lts\u00e1ga az egyenes testalkat, melyen maga uralkodik, \u00e9s amellyel nyugodtan, biztosan viszi tov\u00e1bb \u00f6nmag\u00e1t. Egyenesen j\u00e1rni annyit jelent, mint embernek lenni. De mi nem vagyunk egyszer\u0171en csak emberek. ,,Isten ivad\u00e9kai vagytok&#8221;, mondja az \u00cdr\u00e1s. Istenb\u0151l \u00faj \u00e9letre sz\u00fclett\u00fcnk. Krisztus \u00e9l mibenn\u00fcnk, k\u00fcl\u00f6n\u00f6sen bens\u0151s\u00e9ges m\u00f3don az Olt\u00e1riszents\u00e9g \u00e1ltal: az \u0150 teste van test\u00fcnkben, az \u0150 v\u00e9re kering v\u00e9r\u00fcnkben. Mert ,,aki eszi az \u00e9n testemet \u00e9s issza az \u00e9n v\u00e9remet, az \u00e9nbennem marad, \u00e9s \u00e9n \u0151benne&#8221;, mondja az \u00dar. Krisztus n\u00f6vekszik benn\u00fcnk \u00e9s mi n\u00f6veksz\u00fcnk benne, \u00e9s egyre jobban \u0150bel\u00e9, s rajta \u00e1t f\u00f6lfel\u00e9, m\u00edg v\u00e9gre ,,el nem jutunk a J\u00e9zus Krisztusban val\u00f3 nagykor\u00fas\u00e1gig&#8221;, am\u00edg csak ,,ki nem alakul&#8221; \u0150 mibenn\u00fcnk s m\u00edg csak minden l\u00e9t \u00e9s tev\u00e9kenys\u00e9g, ,,ak\u00e1r esz\u00fcnk, ak\u00e1r alszunk s b\u00e1rmit is cseleksz\u00fcnk&#8221;: a munka, a j\u00e1t\u00e9k, az \u00f6r\u00f6m \u00e9s a k\u00f6nnyek, minden-minden Krisztus-\u00e9lett\u00e9 nem v\u00e1ltozik \u00e1t.<\/p>\n<p>Ennek a titoknak a tudata milyen \u00f6r\u00f6mteljes, sz\u00e9ps\u00e9ggel \u00e9s er\u0151vel \u00e1thatott kifejez\u00e9st nyerhetne a helyes j\u00e1r\u00e1sban! Az \u00dar parancs\u00e1nak m\u00e9lys\u00e9ges \u00e9rtelm\u0171 teljesed\u00e9s\u00e9v\u00e9 v\u00e1lhatna: ,,J\u00e1rj el\u0151ttem, \u00e9s l\u00e9gy t\u00f6k\u00e9letes.&#8221; De csak akkor, ha teljes igazlelk\u0171s\u00e9ggel v\u00e9gezz\u00fck! Csakis igazs\u00e1gb\u00f3l \u00e9s nem hi\u00fa er\u0151lk\u00f6d\u00e9sb\u0151l fakadhat ennek sz\u00e9ps\u00e9ge.<\/p>\n<p>(<a href=\"http:\/\/www.katolikus.hu\/orokmecs.html\">Romano Guardini: \u00d6r\u00f6km\u00e9cs A liturgia vil\u00e1ga<\/a>, Szent Istv\u00e1n T\u00e1rsulat, Budapest, 1983)<\/p>\n","protected":false},"excerpt":{"rendered":"<p>H\u00e1nyan tudnak igaz\u00e1n j\u00e1rni? Mert a j\u00e1r\u00e1s nem siet\u00e9s \u00e9s fut\u00e1s, hanem nyugodt mozg\u00e1s. Nem cs\u00fasz\u00e1s-m\u00e1sz\u00e1s, hanem biztos el\u0151rehalad\u00e1s. Aki j\u00e1r, ruganyosan l\u00e9p, nem vonszolja&#8230;<\/p>\n","protected":false},"author":2,"featured_media":0,"comment_status":"closed","ping_status":"open","sticky":false,"template":"","format":"standard","meta":[],"categories":[1],"tags":[],"_links":{"self":[{"href":"https:\/\/szentistvan.dnyem.hu\/index.php?rest_route=\/wp\/v2\/posts\/898"}],"collection":[{"href":"https:\/\/szentistvan.dnyem.hu\/index.php?rest_route=\/wp\/v2\/posts"}],"about":[{"href":"https:\/\/szentistvan.dnyem.hu\/index.php?rest_route=\/wp\/v2\/types\/post"}],"author":[{"embeddable":true,"href":"https:\/\/szentistvan.dnyem.hu\/index.php?rest_route=\/wp\/v2\/users\/2"}],"replies":[{"embeddable":true,"href":"https:\/\/szentistvan.dnyem.hu\/index.php?rest_route=%2Fwp%2Fv2%2Fcomments&post=898"}],"version-history":[{"count":2,"href":"https:\/\/szentistvan.dnyem.hu\/index.php?rest_route=\/wp\/v2\/posts\/898\/revisions"}],"predecessor-version":[{"id":900,"href":"https:\/\/szentistvan.dnyem.hu\/index.php?rest_route=\/wp\/v2\/posts\/898\/revisions\/900"}],"wp:attachment":[{"href":"https:\/\/szentistvan.dnyem.hu\/index.php?rest_route=%2Fwp%2Fv2%2Fmedia&parent=898"}],"wp:term":[{"taxonomy":"category","embeddable":true,"href":"https:\/\/szentistvan.dnyem.hu\/index.php?rest_route=%2Fwp%2Fv2%2Fcategories&post=898"},{"taxonomy":"post_tag","embeddable":true,"href":"https:\/\/szentistvan.dnyem.hu\/index.php?rest_route=%2Fwp%2Fv2%2Ftags&post=898"}],"curies":[{"name":"wp","href":"https:\/\/api.w.org\/{rel}","templated":true}]}}