{"id":896,"date":"2016-07-23T14:11:45","date_gmt":"2016-07-23T12:11:45","guid":{"rendered":"http:\/\/szentistvan.dnyem.hu\/?p=896"},"modified":"2016-07-23T14:11:45","modified_gmt":"2016-07-23T12:11:45","slug":"p-kiss-szalez-egyhazkozsegunk-elso-plebanosanak-szuletesnapja","status":"publish","type":"post","link":"https:\/\/szentistvan.dnyem.hu\/?p=896","title":{"rendered":"P. Kiss Szal\u00e9z, egyh\u00e1zk\u00f6zs\u00e9g\u00fcnk els\u0151 pl\u00e9b\u00e1nos\u00e1nak sz\u00fclet\u00e9snapja"},"content":{"rendered":"<p>112 \u00e9ve, 1904. j\u00falius 27-\u00e9n sz\u00fcletett P. Kiss Szal\u00e9z, egyh\u00e1zk\u00f6zs\u00e9g\u00fcnk els\u0151 pl\u00e9b\u00e1nosa. Boldogg\u00e1 avat\u00e1si elj\u00e1r\u00e1sa folyamatban van.<\/p>\n","protected":false},"excerpt":{"rendered":"<p>112 \u00e9ve, 1904. j\u00falius 27-\u00e9n sz\u00fcletett P. Kiss Szal\u00e9z, egyh\u00e1zk\u00f6zs\u00e9g\u00fcnk els\u0151 pl\u00e9b\u00e1nosa. Boldogg\u00e1 avat\u00e1si elj\u00e1r\u00e1sa folyamatban van.<\/p>\n","protected":false},"author":2,"featured_media":0,"comment_status":"closed","ping_status":"open","sticky":false,"template":"","format":"standard","meta":[],"categories":[1],"tags":[],"_links":{"self":[{"href":"https:\/\/szentistvan.dnyem.hu\/index.php?rest_route=\/wp\/v2\/posts\/896"}],"collection":[{"href":"https:\/\/szentistvan.dnyem.hu\/index.php?rest_route=\/wp\/v2\/posts"}],"about":[{"href":"https:\/\/szentistvan.dnyem.hu\/index.php?rest_route=\/wp\/v2\/types\/post"}],"author":[{"embeddable":true,"href":"https:\/\/szentistvan.dnyem.hu\/index.php?rest_route=\/wp\/v2\/users\/2"}],"replies":[{"embeddable":true,"href":"https:\/\/szentistvan.dnyem.hu\/index.php?rest_route=%2Fwp%2Fv2%2Fcomments&post=896"}],"version-history":[{"count":1,"href":"https:\/\/szentistvan.dnyem.hu\/index.php?rest_route=\/wp\/v2\/posts\/896\/revisions"}],"predecessor-version":[{"id":897,"href":"https:\/\/szentistvan.dnyem.hu\/index.php?rest_route=\/wp\/v2\/posts\/896\/revisions\/897"}],"wp:attachment":[{"href":"https:\/\/szentistvan.dnyem.hu\/index.php?rest_route=%2Fwp%2Fv2%2Fmedia&parent=896"}],"wp:term":[{"taxonomy":"category","embeddable":true,"href":"https:\/\/szentistvan.dnyem.hu\/index.php?rest_route=%2Fwp%2Fv2%2Fcategories&post=896"},{"taxonomy":"post_tag","embeddable":true,"href":"https:\/\/szentistvan.dnyem.hu\/index.php?rest_route=%2Fwp%2Fv2%2Ftags&post=896"}],"curies":[{"name":"wp","href":"https:\/\/api.w.org\/{rel}","templated":true}]}}