{"id":880,"date":"2016-07-17T16:44:33","date_gmt":"2016-07-17T14:44:33","guid":{"rendered":"http:\/\/szentistvan.dnyem.hu\/?p=880"},"modified":"2016-07-17T16:44:33","modified_gmt":"2016-07-17T14:44:33","slug":"liturgikus-testtartasok-1-resz-az-allas","status":"publish","type":"post","link":"https:\/\/szentistvan.dnyem.hu\/?p=880","title":{"rendered":"Liturgikus testtart\u00e1sok (1. r\u00e9sz): Az \u00e1ll\u00e1s"},"content":{"rendered":"<p>Az Istennek kij\u00e1r\u00f3 tisztelet bizonyos meghat\u00e1rozott testtart\u00e1st k\u00edv\u00e1n. Isten olyan v\u00e9gtelen\u00fcl nagy, mi pedig oly par\u00e1nyiak vagyunk, hogy e tudat k\u00fcls\u0151leg is megnyilv\u00e1nul: megkicsiny\u00edt, t\u00e9rdre k\u00e9nyszer\u00edt benn\u00fcnket.<\/p>\n<p>A h\u00f3dolatos lelk\u00fclet azonban m\u00e9g m\u00e1sk\u00e9ppen is megmutatkozhat. K\u00e9pzeld el, hogy \u00fclsz, \u00e9s pihensz vagy besz\u00e9lgetsz valakivel. Most olyan szem\u00e9ly j\u00f6n, akit nagyon tisztelsz, \u00e9s hozz\u00e1d fordul. Ugye ilyen esetben r\u00f6gt\u00f6n f\u00f6lkeln\u00e9l, egyenes \u00e1ll\u00e1sban hallgatn\u00e1d meg szavait \u00e9s v\u00e1laszoln\u00e1l neki? Mit jelent ez? Az \u00e1ll\u00e1s mindenekel\u0151tt \u00f6sszeszedetts\u00e9get jelent, mert ilyenkor az \u00fcl\u00e9s k\u00e9nyelmes testtart\u00e1s\u00e1val szemben fegyelmezett, feszes test\u00e1ll\u00e1st vesz\u00fcnk fel. Annyit is jelent, hogy figyel\u00fcnk, mert az \u00e1ll\u00e1sban van valami fesz\u00fclts\u00e9g, \u00e9bers\u00e9g. \u00c9s v\u00e9g\u00fcl azt is jelenti, hogy k\u00e9szen \u00e1llunk, mert aki \u00e1ll, minden tov\u00e1bbi n\u00e9lk\u00fcl \u00fatnak is indulhat. Halad\u00e9ktalanul v\u00e9grehajthat egy megb\u00edzat\u00e1st, hozz\u00e1foghat valamilyen munk\u00e1hoz, mihelyt erre parancsot kap.<\/p>\n<p>Az \u00e1ll\u00e1s teh\u00e1t az Isten ir\u00e1nti h\u00f3dolatnak m\u00e1sik oldal\u00e1t mutatja meg. A t\u00e9rdel\u00e9sben kifejez\u00e9sre jutott az im\u00e1d\u00e1s, nyugodt kitart\u00e1s, &#8212; itt pedig az \u00e9ber, tev\u00e9keny lelk\u00fclet. Ilyen tisztelet t\u00f6lti el a k\u00e9szenl\u00e9tben \u00e1ll\u00f3 szolg\u00e1t, a harcrak\u00e9sz katon\u00e1t. Az ilyen h\u00f3dolatos tisztelet \u00e1ll\u00e1st k\u00edv\u00e1n.<\/p>\n<p>F\u00f6l\u00e1llunk, mid\u0151n f\u00f6lhangzik a szentmis\u00e9ben az \u00f6r\u00f6mh\u00edr, az evang\u00e9lium. \u00c1llnak a keresztsz\u00fcl\u0151k, amikor a gyermek helyett leteszik a kereszts\u00e9gi fogad\u00e1st. \u00c1llnak a gyermekek is, mid\u0151n els\u0151 \u00e1ldoz\u00e1suk alkalm\u00e1val meg\u00faj\u00edtj\u00e1k ezt a fogad\u00e1st. \u00c1llnak a jegyesek, amikor az olt\u00e1r el\u0151tt \u00f6r\u00f6k h\u0171s\u00e9get fogadnak egym\u00e1snak. \u00c9s \u00e1llunk m\u00e9g sok m\u00e1s szertart\u00e1sn\u00e1l is.<\/p>\n<p>N\u00e9melykor a mag\u00e1nim\u00e1ds\u00e1gban is igen kifejez\u0151 lehet az \u00e1ll\u00e1s. Az els\u0151 kereszt\u00e9nyek sz\u00edvesen im\u00e1dkoztak \u00e1llva. Bizony\u00e1ra ismered a katakomb\u00e1k Orante-k\u00e9p\u00e9t: egyenes tart\u00e1s\u00fa alak, nemesen leoml\u00f3 ruh\u00e1ban, kit\u00e1rt karokkal. Szabadon \u00e9s fegyelmezetten \u00e1ll, hallgatva az ig\u00e9t \u00e9s k\u00e9szen arra, hogy vid\u00e1m l\u00e9lekkel l\u00e1sson a teljes\u00edt\u00e9s\u00e9hez.<\/p>\n<p>Van \u00fagy is, hogy nem megy a t\u00e9rdel\u00e9s, az ember fesz\u00e9lyezve \u00e9rzi mag\u00e1t \u00e1ltala. Ilyenkor j\u00f3t tesz az \u00e1ll\u00e1s: felszabad\u00edt. De csakis a helyes \u00e1ll\u00e1s! Akkor, ha mindk\u00e9t l\u00e1bunkon \u00e1llunk, \u00e9s nem t\u00e1maszkodunk. Egyenes t\u00e9rdekkel, nem pedig hanyagul, meghajl\u00edtva azokat. Ki kell h\u00faznunk magunkat, uralkodnunk kell \u00f6nmagunkon.<\/p>\n<p>Ezzel az im\u00e1ds\u00e1g fegyelmezett, de ugyanakkor szabad is lesz, telve h\u00f3dolattal \u00e9s tettrek\u00e9szs\u00e9ggel.<\/p>\n<p>(<a href=\"http:\/\/www.katolikus.hu\/orokmecs.html\">Romano Guardini: \u00d6r\u00f6km\u00e9cs A liturgia vil\u00e1ga<\/a>, Szent Istv\u00e1n T\u00e1rsulat, Budapest, 1983)<\/p>\n","protected":false},"excerpt":{"rendered":"<p>Az Istennek kij\u00e1r\u00f3 tisztelet bizonyos meghat\u00e1rozott testtart\u00e1st k\u00edv\u00e1n. Isten olyan v\u00e9gtelen\u00fcl nagy, mi pedig oly par\u00e1nyiak vagyunk, hogy e tudat k\u00fcls\u0151leg is megnyilv\u00e1nul: megkicsiny\u00edt, t\u00e9rdre&#8230;<\/p>\n","protected":false},"author":2,"featured_media":0,"comment_status":"closed","ping_status":"open","sticky":false,"template":"","format":"standard","meta":[],"categories":[1],"tags":[],"_links":{"self":[{"href":"https:\/\/szentistvan.dnyem.hu\/index.php?rest_route=\/wp\/v2\/posts\/880"}],"collection":[{"href":"https:\/\/szentistvan.dnyem.hu\/index.php?rest_route=\/wp\/v2\/posts"}],"about":[{"href":"https:\/\/szentistvan.dnyem.hu\/index.php?rest_route=\/wp\/v2\/types\/post"}],"author":[{"embeddable":true,"href":"https:\/\/szentistvan.dnyem.hu\/index.php?rest_route=\/wp\/v2\/users\/2"}],"replies":[{"embeddable":true,"href":"https:\/\/szentistvan.dnyem.hu\/index.php?rest_route=%2Fwp%2Fv2%2Fcomments&post=880"}],"version-history":[{"count":1,"href":"https:\/\/szentistvan.dnyem.hu\/index.php?rest_route=\/wp\/v2\/posts\/880\/revisions"}],"predecessor-version":[{"id":881,"href":"https:\/\/szentistvan.dnyem.hu\/index.php?rest_route=\/wp\/v2\/posts\/880\/revisions\/881"}],"wp:attachment":[{"href":"https:\/\/szentistvan.dnyem.hu\/index.php?rest_route=%2Fwp%2Fv2%2Fmedia&parent=880"}],"wp:term":[{"taxonomy":"category","embeddable":true,"href":"https:\/\/szentistvan.dnyem.hu\/index.php?rest_route=%2Fwp%2Fv2%2Fcategories&post=880"},{"taxonomy":"post_tag","embeddable":true,"href":"https:\/\/szentistvan.dnyem.hu\/index.php?rest_route=%2Fwp%2Fv2%2Ftags&post=880"}],"curies":[{"name":"wp","href":"https:\/\/api.w.org\/{rel}","templated":true}]}}