{"id":878,"date":"2016-07-17T16:41:04","date_gmt":"2016-07-17T14:41:04","guid":{"rendered":"http:\/\/szentistvan.dnyem.hu\/?p=878"},"modified":"2016-07-17T16:41:04","modified_gmt":"2016-07-17T14:41:04","slug":"szent-maria-magdolna-unnepe","status":"publish","type":"post","link":"https:\/\/szentistvan.dnyem.hu\/?p=878","title":{"rendered":"Szent M\u00e1ria Magdolna \u00fcnnepe"},"content":{"rendered":"<p>Szent M\u00e1ria Magdolna eddigi k\u00f6telez\u0151 <em>eml\u00e9knapj\u00e1t<\/em> 2016-t\u00f3l <em>\u00fcnnepk\u00e9nt<\/em> tartjuk meg. <a href=\"http:\/\/hu.radiovaticana.va\/news\/2016\/06\/10\/ferenc_p%C3%A1pa_k%C3%A9r%C3%A9s%C3%A9re_szent_m%C3%A1ria_magdolna_eml%C3%A9knapja_%C3%BCnnep_lett\/1236374\">Ez a rendelkez\u00e9s<\/a> a liturgikus gyakorlatban az al\u00e1bbiakat jelenti sz\u00e1munkra:<\/p>\n<p>A szentmis\u00e9ben a sz\u00f6veg ugyanaz marad, ahogyan az a Misek\u00f6nyvben a napn\u00e1l megtal\u00e1lhat\u00f3. Az igeliturgia olvasm\u00e1nyait a szentek olvasm\u00e1nyos k\u00f6nyv\u00e9b\u0151l kell venni (saj\u00e1t olvasm\u00e1nyok). A mise <a href=\"http:\/\/lexikon.katolikus.hu\/O\/ordinarium.html\">ordin\u00e1riuma<\/a> b\u0151v\u00fcl a Dics\u0151s\u00e9g himnusszal valamint a saj\u00e1t <a href=\"http:\/\/lexikon.katolikus.hu\/P\/pref%C3%A1ci%C3%B3.html\">pref\u00e1ci\u00f3val<\/a>, amikor majd elk\u00e9sz\u00fcl a magyar nyelv\u0171 ford\u00edt\u00e1sa az Apostoli Szentsz\u00e9k el\u0151zetes elismer\u00e9s\u00e9vel, de addig is haszn\u00e1ljuk a szentek pref\u00e1ci\u00f3i k\u00f6z\u00fcl az egyiket.<\/p>\n","protected":false},"excerpt":{"rendered":"<p>Szent M\u00e1ria Magdolna eddigi k\u00f6telez\u0151 eml\u00e9knapj\u00e1t 2016-t\u00f3l \u00fcnnepk\u00e9nt tartjuk meg. Ez a rendelkez\u00e9s a liturgikus gyakorlatban az al\u00e1bbiakat jelenti sz\u00e1munkra: A szentmis\u00e9ben a sz\u00f6veg ugyanaz&#8230;<\/p>\n","protected":false},"author":2,"featured_media":0,"comment_status":"closed","ping_status":"open","sticky":false,"template":"","format":"standard","meta":[],"categories":[1],"tags":[],"_links":{"self":[{"href":"https:\/\/szentistvan.dnyem.hu\/index.php?rest_route=\/wp\/v2\/posts\/878"}],"collection":[{"href":"https:\/\/szentistvan.dnyem.hu\/index.php?rest_route=\/wp\/v2\/posts"}],"about":[{"href":"https:\/\/szentistvan.dnyem.hu\/index.php?rest_route=\/wp\/v2\/types\/post"}],"author":[{"embeddable":true,"href":"https:\/\/szentistvan.dnyem.hu\/index.php?rest_route=\/wp\/v2\/users\/2"}],"replies":[{"embeddable":true,"href":"https:\/\/szentistvan.dnyem.hu\/index.php?rest_route=%2Fwp%2Fv2%2Fcomments&post=878"}],"version-history":[{"count":1,"href":"https:\/\/szentistvan.dnyem.hu\/index.php?rest_route=\/wp\/v2\/posts\/878\/revisions"}],"predecessor-version":[{"id":879,"href":"https:\/\/szentistvan.dnyem.hu\/index.php?rest_route=\/wp\/v2\/posts\/878\/revisions\/879"}],"wp:attachment":[{"href":"https:\/\/szentistvan.dnyem.hu\/index.php?rest_route=%2Fwp%2Fv2%2Fmedia&parent=878"}],"wp:term":[{"taxonomy":"category","embeddable":true,"href":"https:\/\/szentistvan.dnyem.hu\/index.php?rest_route=%2Fwp%2Fv2%2Fcategories&post=878"},{"taxonomy":"post_tag","embeddable":true,"href":"https:\/\/szentistvan.dnyem.hu\/index.php?rest_route=%2Fwp%2Fv2%2Ftags&post=878"}],"curies":[{"name":"wp","href":"https:\/\/api.w.org\/{rel}","templated":true}]}}