{"id":867,"date":"2016-07-08T21:33:31","date_gmt":"2016-07-08T19:33:31","guid":{"rendered":"http:\/\/szentistvan.dnyem.hu\/?p=867"},"modified":"2016-09-03T10:44:52","modified_gmt":"2016-09-03T08:44:52","slug":"valtozasok-szeptember-1-tol-a-szentmise-szabalyozasaban","status":"publish","type":"post","link":"https:\/\/szentistvan.dnyem.hu\/?p=867","title":{"rendered":"V\u00e1ltoz\u00e1sok szeptember 1-t\u0151l a szentmise liturgi\u00e1j\u00e1ban"},"content":{"rendered":"<p>Szeptember 1-t\u0151l k\u00f6vetj\u00fck azt a liturgikus szab\u00e1lyoz\u00e1st, hogy a szentmis\u00e9n \u2013 a zenekari mis\u00e9ket kiv\u00e9ve \u2013 a h\u00edvek \u00e1llnak a kezd\u0151\u00e9nek elej\u00e9t\u0151l, illetve a pap olt\u00e1rhoz vonul\u00e1s\u00e1t\u00f3l eg\u00e9szen a collecta-k\u00f6ny\u00f6rg\u00e9s v\u00e9g\u00e9ig, tov\u00e1bb\u00e1 az Alleluja \u00e9nekl\u00e9sekor az Evang\u00e9lium el\u0151tt, valamint a t\u00f6bbi eddig megszokott alkalommal is.<\/p>\n","protected":false},"excerpt":{"rendered":"<p>Szeptember 1-t\u0151l k\u00f6vetj\u00fck azt a liturgikus szab\u00e1lyoz\u00e1st, hogy a szentmis\u00e9n \u2013 a zenekari mis\u00e9ket kiv\u00e9ve \u2013 a h\u00edvek \u00e1llnak a kezd\u0151\u00e9nek elej\u00e9t\u0151l, illetve a pap&#8230;<\/p>\n","protected":false},"author":2,"featured_media":0,"comment_status":"closed","ping_status":"open","sticky":false,"template":"","format":"standard","meta":[],"categories":[1],"tags":[],"_links":{"self":[{"href":"https:\/\/szentistvan.dnyem.hu\/index.php?rest_route=\/wp\/v2\/posts\/867"}],"collection":[{"href":"https:\/\/szentistvan.dnyem.hu\/index.php?rest_route=\/wp\/v2\/posts"}],"about":[{"href":"https:\/\/szentistvan.dnyem.hu\/index.php?rest_route=\/wp\/v2\/types\/post"}],"author":[{"embeddable":true,"href":"https:\/\/szentistvan.dnyem.hu\/index.php?rest_route=\/wp\/v2\/users\/2"}],"replies":[{"embeddable":true,"href":"https:\/\/szentistvan.dnyem.hu\/index.php?rest_route=%2Fwp%2Fv2%2Fcomments&post=867"}],"version-history":[{"count":4,"href":"https:\/\/szentistvan.dnyem.hu\/index.php?rest_route=\/wp\/v2\/posts\/867\/revisions"}],"predecessor-version":[{"id":955,"href":"https:\/\/szentistvan.dnyem.hu\/index.php?rest_route=\/wp\/v2\/posts\/867\/revisions\/955"}],"wp:attachment":[{"href":"https:\/\/szentistvan.dnyem.hu\/index.php?rest_route=%2Fwp%2Fv2%2Fmedia&parent=867"}],"wp:term":[{"taxonomy":"category","embeddable":true,"href":"https:\/\/szentistvan.dnyem.hu\/index.php?rest_route=%2Fwp%2Fv2%2Fcategories&post=867"},{"taxonomy":"post_tag","embeddable":true,"href":"https:\/\/szentistvan.dnyem.hu\/index.php?rest_route=%2Fwp%2Fv2%2Ftags&post=867"}],"curies":[{"name":"wp","href":"https:\/\/api.w.org\/{rel}","templated":true}]}}