{"id":860,"date":"2016-06-24T07:33:51","date_gmt":"2016-06-24T06:33:51","guid":{"rendered":"http:\/\/szentistvan.dnyem.hu\/?p=860"},"modified":"2016-06-24T07:33:51","modified_gmt":"2016-06-24T06:33:51","slug":"zarandokut-medugorjeba","status":"publish","type":"post","link":"https:\/\/szentistvan.dnyem.hu\/?p=860","title":{"rendered":"ZAR\u00c1NDOK\u00daT ME\u0110UGORJ\u00c9BA"},"content":{"rendered":"<p><strong>ZAR\u00c1NDOK\u00daT ME\u0110UGORJ\u00c9BA<\/strong><\/p>\n<p><strong>2016. AUGUSZTUS 24-30-IG<\/strong><\/p>\n<p><strong>A Sz\u0171z Anya-jelen\u00e9s 35. \u00e9vfordul\u00f3j\u00e1n<\/strong><br \/>\nMe\u0111ugorj\u00e9ba az ember nem csak a term\u00e9szeti sz\u00e9ps\u00e9gek miatt j\u00f6n, vagy az emberi k\u00e9z alkotta jelent\u0151s alkot\u00e1sok miatt, hanem saj\u00e1t sz\u00fcks\u00e9glete miatt, mert kutat valami ut\u00e1n, vagy csal\u00f3dott, beteg vagy rem\u00e9nyre v\u00e1gyik, \u00e9s ez\u00e9rt keresi Isten k\u00f6zels\u00e9g\u00e9t behat\u00f3bban, mint a h\u00e9tk\u00f6znapokban.<\/p>\n<p>Me\u0111ugorje az igazs\u00e1g, a szeretet \u00e9s a rem\u00e9ny tal\u00e1lkoz\u00e1s\u00e1nak helye. A szeretet, amit az emberek itt Me\u0111ugorj\u00e9ban meg\u00e9lnek, \u00e9s amivel a mindennapi \u00e9lethez visszat\u00e9rnek, \u00f3ri\u00e1si rem\u00e9nyt kelt benn\u00fck, amely felvid\u00edtja a lelket, el\u0171zi a s\u00f6t\u00e9t felh\u0151ket, felszabad\u00edt a mag\u00e1nyoss\u00e1gb\u00f3l, a f\u00e9lelemb\u0151l \u00e9s az \u00e9let \u00e9rtelmetlens\u00e9g\u00e9b\u0151l.<\/p>\n<p><strong>Utaz\u00e1s k\u00f6zben:<\/strong><\/p>\n<p>\u00c9jjel utazunk, \u00e9s a buszon alszunk, \u00e9jszaka minden bizonnyal hideg lesz, ez\u00e9rt hozz\u00e1l magaddal meleg holmit, takar\u00f3t kisp\u00e1rn\u00e1t.<\/p>\n<p>Csomagolni b\u0151r\u00f6ndbe aj\u00e1nlatos, mert \u00edgy jobban elf\u00e9r a k\u00fcls\u0151 csomagtart\u00f3ban. Egy kisebb csomagot \u00e9rdemes k\u00e9sz\u00edteni, amit a buszra felvisz\u00fcnk, \u00e9s az \u00fcl\u00e9s al\u00e1 bef\u00e9r. Az utaz\u00e1s alatt sz\u00fcks\u00e9g\u00fcnk lesz, pl. \u00e9lelemre, innival\u00f3ra, gy\u00f3gyszereidre.<\/p>\n<p><strong>Sz\u00e1ll\u00e1s:<\/strong> 2-3 \u00e1gyas f\u00fcrd\u0151szob\u00e1s szob\u00e1kban.<\/p>\n<p><strong>Tervezett\u00a0 program:<\/strong><\/p>\n<p>&#8211;\u00a0\u00a0 Podbrdo, a jelen\u00e9sek hegye, r\u00f3zsaf\u00fcz\u00e9r im\u00e1dkoz\u00e1sa<\/p>\n<p>&#8211;\u00a0\u00a0\u00a0 Krizevac-hegy megm\u00e1sz\u00e1sa, kereszt\u00fat<\/p>\n<p>&#8211;\u00a0\u00a0\u00a0\u00a0\u00a0\u00a0\u00a0 Most\u00e1rban az \u00f3v\u00e1rosban s\u00e9ta (\u00d6reg-h\u00edd, baz\u00e1r)<\/p>\n<p>&#8211;\u00a0\u00a0\u00a0\u00a0\u00a0\u00a0\u00a0 Kravica v\u00edzes\u00e9s (bel\u00e9p\u0151k\u00f6teles)<\/p>\n<p>&#8211;\u00a0\u00a0\u00a0\u00a0\u00a0\u00a0\u00a0 Tihaljina (kegyszobor)<\/p>\n<p>&#8211;\u00a0\u00a0\u00a0\u00a0\u00a0\u00a0\u00a0 minden nap magyar szentmise (sz\u00e1ll\u00e1son, vagy k\u00e1poln\u00e1ban)<\/p>\n<p><strong>Est\u00e9nk\u00e9nti imaprogram:<\/strong><\/p>\n<p>Gy\u00f3n\u00e1si alkalom a kegytemplom mellett kialak\u00edtott gy\u00f3ntat\u00f3 helyeken<\/p>\n<p>D\u00e9lut\u00e1n csendes szents\u00e9gim\u00e1d\u00e1s, k\u00e1poln\u00e1ban<\/p>\n<p>18.00 \u00f3ra: \u00d6rvendetes \u00e9s F\u00e1jdalmas r\u00f3zsaf\u00fcz\u00e9r (horv\u00e1t nyelven)<\/p>\n<p>19.00 \u00f3ra: Horv\u00e1t nyelv\u0171 szentmise, a kegyt\u00e1rgyak meg\u00e1ld\u00e1sa, ima a test \u00e9s a l\u00e9lek gy\u00f3gyul\u00e1s\u00e9rt, dics\u0151s\u00e9ges r\u00f3zsaf\u00fcz\u00e9r<\/p>\n<p>Szents\u00e9gim\u00e1d\u00e1s: cs\u00fct\u00f6rt\u00f6k\u00f6n 20.00- 21.00. \u00f3r\u00e1ig, szombaton 22.00-23.00. \u00f3r\u00e1ig<\/p>\n<p><strong>Kereszth\u00f3dolat:<\/strong> p\u00e9nteken este 20.00-21.00. \u00f3r\u00e1ig<\/p>\n<p><strong>Mit vigyek magammal?<\/strong><\/p>\n<p>\u00c9rv\u00e9nyes \u00fatlev\u00e9l, vagy szem\u00e9lyazonos\u00edt\u00f3 igazolv\u00e1ny, Adoremus a nemzetk\u00f6zi szentmise nyomon k\u00f6vet\u00e9s\u00e9hez, (okos telefonhoz f\u00fclhallgat\u00f3, vagy URH kisr\u00e1di\u00f3 (FM) idegen nyelv\u0171 tolm\u00e1csol\u00e1s\u00e1nak v\u00e9tel\u00e9hez). Es\u0151kab\u00e1t, eserny\u0151, meleg r\u00e9teges ruha, olyan cip\u0151, hogy es\u0151ben is megfeleljen a hegyi t\u00far\u00e1hoz, r\u00f3zsaf\u00fcz\u00e9r, hozsanna, \u00fatra elegend\u0151 tart\u00f3s \u00e9lelmiszer, v\u00edz, saj\u00e1t gy\u00f3gyszer..<\/p>\n<p><strong>Indul\u00e1s:<\/strong><\/p>\n<p>Debrecenb\u0151l, augusztus 24-\u00e9n szerd\u00e1n 16.30-kor a LIDL parkol\u00f3b\u00f3l (Farakt\u00e1r u.). Szentmis\u00e9n vesz\u00fcnk r\u00e9szt Ny\u00edregyh\u00e1z\u00e1n 18.00 \u00f3rakor a Magyarok Nagyasszonya r\u00f3mai katolikus templomban. Ut\u00e1na indul\u00e1s. \u00c9rkez\u00e9s Me\u0111ugorj\u00e9ba kb. a d\u00e9li \u00f3r\u00e1ban.<\/p>\n<p><strong>\u00datik\u00f6lts\u00e9g:<\/strong> Az utaz\u00e1s \u00e1ra 30.000 Ft. A k\u00f6lts\u00e9g tartalmazza: az \u00fczemanyag, aut\u00f3p\u00e1lya matrica, parkol\u00e1s, behajt\u00e1si enged\u00e9ly, g\u00e9pkocsivezet\u0151k napi d\u00edj\u00e1t, ell\u00e1t\u00e1sukat valamint a lelki vezet\u0151 ell\u00e1t\u00e1s\u00e1t.<\/p>\n<p>A sz\u00e1ll\u00e1s 4 \u00e9jszaka+f\u00e9lpanzi\u00f3 (4 reggeli, 4 vacsora) 120 eur\u00f3 (\u20ac)\u00a0 amit a buszon kell befizetni.<\/p>\n<p><strong>Fizet\u00e9si eszk\u00f6z<\/strong> Bosznia-Hercegovin\u00e1ban: eur\u00f3.<\/p>\n<p>Utasbiztos\u00edt\u00e1sr\u00f3l mindenki maga gondoskodjon!<\/p>\n<p>Ha valaki az indul\u00e1s el\u0151tt vissza k\u00edv\u00e1n l\u00e9pni, azt k\u00e9rem, gondoskodjon maga helyett utasr\u00f3l, mert az el\u0151leget nem \u00e1ll m\u00f3dunkban visszafizetni!<\/p>\n<p><strong>Haza\u00e9rkez\u00e9s:<\/strong> augusztus 30-\u00e1n a hajnali \u00f3r\u00e1ban az indul\u00e1s hely\u00e9re.<\/p>\n<p>Jelentkez\u00e9s, az \u00fatik\u00f6lts\u00e9g befizet\u00e9s\u00e9vel min\u00e9l hamarabb. Sz\u00e1mlasz\u00e1m: Erste bank 11991119-98541878<\/p>\n<p><strong>Lelkivezet\u0151:<\/strong> T\u00f3th L\u00e1szl\u00f3 pl\u00e9b\u00e1nos atya.<\/p>\n<p><strong>A zar\u00e1ndok\u00fat szervez\u0151je:<\/strong> Laczovicsn\u00e9 Szatm\u00e1ri M\u00e1ria (tel.: 06-30-460-2303; e-mail: szatmarina@freemail.hu).<\/p>\n","protected":false},"excerpt":{"rendered":"<p>ZAR\u00c1NDOK\u00daT ME\u0110UGORJ\u00c9BA 2016. AUGUSZTUS 24-30-IG A Sz\u0171z Anya-jelen\u00e9s 35. \u00e9vfordul\u00f3j\u00e1n Me\u0111ugorj\u00e9ba az ember nem csak a term\u00e9szeti sz\u00e9ps\u00e9gek miatt j\u00f6n, vagy az emberi k\u00e9z alkotta&#8230;<\/p>\n","protected":false},"author":2,"featured_media":0,"comment_status":"closed","ping_status":"open","sticky":false,"template":"","format":"standard","meta":[],"categories":[2],"tags":[],"_links":{"self":[{"href":"https:\/\/szentistvan.dnyem.hu\/index.php?rest_route=\/wp\/v2\/posts\/860"}],"collection":[{"href":"https:\/\/szentistvan.dnyem.hu\/index.php?rest_route=\/wp\/v2\/posts"}],"about":[{"href":"https:\/\/szentistvan.dnyem.hu\/index.php?rest_route=\/wp\/v2\/types\/post"}],"author":[{"embeddable":true,"href":"https:\/\/szentistvan.dnyem.hu\/index.php?rest_route=\/wp\/v2\/users\/2"}],"replies":[{"embeddable":true,"href":"https:\/\/szentistvan.dnyem.hu\/index.php?rest_route=%2Fwp%2Fv2%2Fcomments&post=860"}],"version-history":[{"count":1,"href":"https:\/\/szentistvan.dnyem.hu\/index.php?rest_route=\/wp\/v2\/posts\/860\/revisions"}],"predecessor-version":[{"id":861,"href":"https:\/\/szentistvan.dnyem.hu\/index.php?rest_route=\/wp\/v2\/posts\/860\/revisions\/861"}],"wp:attachment":[{"href":"https:\/\/szentistvan.dnyem.hu\/index.php?rest_route=%2Fwp%2Fv2%2Fmedia&parent=860"}],"wp:term":[{"taxonomy":"category","embeddable":true,"href":"https:\/\/szentistvan.dnyem.hu\/index.php?rest_route=%2Fwp%2Fv2%2Fcategories&post=860"},{"taxonomy":"post_tag","embeddable":true,"href":"https:\/\/szentistvan.dnyem.hu\/index.php?rest_route=%2Fwp%2Fv2%2Ftags&post=860"}],"curies":[{"name":"wp","href":"https:\/\/api.w.org\/{rel}","templated":true}]}}