{"id":857,"date":"2016-06-24T07:25:26","date_gmt":"2016-06-24T06:25:26","guid":{"rendered":"http:\/\/szentistvan.dnyem.hu\/?p=857"},"modified":"2016-06-24T07:25:26","modified_gmt":"2016-06-24T06:25:26","slug":"peter-filler-gyujtes","status":"publish","type":"post","link":"https:\/\/szentistvan.dnyem.hu\/?p=857","title":{"rendered":"P\u00e9ter-fill\u00e9r-gy\u0171jt\u00e9s"},"content":{"rendered":"<p><strong>J\u00falius 3-\u00e1n, vas\u00e1rnap<\/strong><\/p>\n<p><strong>P\u00e9ter-fill\u00e9r-gy\u0171jt\u00e9st tartunk<\/strong><\/p>\n<p><strong>az Apostoli Szentsz\u00e9k eg\u00e9sz vil\u00e1gra kiterjed\u0151 evangeliz\u00e1ci\u00f3s tev\u00e9kenys\u00e9ge jav\u00e1ra.<\/strong><\/p>\n","protected":false},"excerpt":{"rendered":"<p>J\u00falius 3-\u00e1n, vas\u00e1rnap P\u00e9ter-fill\u00e9r-gy\u0171jt\u00e9st tartunk az Apostoli Szentsz\u00e9k eg\u00e9sz vil\u00e1gra kiterjed\u0151 evangeliz\u00e1ci\u00f3s tev\u00e9kenys\u00e9ge jav\u00e1ra.<\/p>\n","protected":false},"author":2,"featured_media":0,"comment_status":"closed","ping_status":"open","sticky":false,"template":"","format":"standard","meta":[],"categories":[2],"tags":[],"_links":{"self":[{"href":"https:\/\/szentistvan.dnyem.hu\/index.php?rest_route=\/wp\/v2\/posts\/857"}],"collection":[{"href":"https:\/\/szentistvan.dnyem.hu\/index.php?rest_route=\/wp\/v2\/posts"}],"about":[{"href":"https:\/\/szentistvan.dnyem.hu\/index.php?rest_route=\/wp\/v2\/types\/post"}],"author":[{"embeddable":true,"href":"https:\/\/szentistvan.dnyem.hu\/index.php?rest_route=\/wp\/v2\/users\/2"}],"replies":[{"embeddable":true,"href":"https:\/\/szentistvan.dnyem.hu\/index.php?rest_route=%2Fwp%2Fv2%2Fcomments&post=857"}],"version-history":[{"count":1,"href":"https:\/\/szentistvan.dnyem.hu\/index.php?rest_route=\/wp\/v2\/posts\/857\/revisions"}],"predecessor-version":[{"id":858,"href":"https:\/\/szentistvan.dnyem.hu\/index.php?rest_route=\/wp\/v2\/posts\/857\/revisions\/858"}],"wp:attachment":[{"href":"https:\/\/szentistvan.dnyem.hu\/index.php?rest_route=%2Fwp%2Fv2%2Fmedia&parent=857"}],"wp:term":[{"taxonomy":"category","embeddable":true,"href":"https:\/\/szentistvan.dnyem.hu\/index.php?rest_route=%2Fwp%2Fv2%2Fcategories&post=857"},{"taxonomy":"post_tag","embeddable":true,"href":"https:\/\/szentistvan.dnyem.hu\/index.php?rest_route=%2Fwp%2Fv2%2Ftags&post=857"}],"curies":[{"name":"wp","href":"https:\/\/api.w.org\/{rel}","templated":true}]}}