{"id":853,"date":"2016-06-17T12:14:39","date_gmt":"2016-06-17T11:14:39","guid":{"rendered":"http:\/\/szentistvan.dnyem.hu\/?p=853"},"modified":"2016-07-23T14:30:26","modified_gmt":"2016-07-23T12:30:26","slug":"kerekparos-zarandoklatot-az-egyhazmegyei-bucsura","status":"publish","type":"post","link":"https:\/\/szentistvan.dnyem.hu\/?p=853","title":{"rendered":"Zar\u00e1ndoklat az egyh\u00e1zmegyei b\u00facs\u00fara"},"content":{"rendered":"<p><strong>A Debrecen-Ny\u00edregyh\u00e1zi Egyh\u00e1zmegye b\u00facs\u00faja j\u00falius 31-\u00e9n lesz M\u00e1riap\u00f3cson.<\/strong><\/p>\n<p><strong>A 10 \u00f3rakor kezd\u0151d\u0151 \u00fcnnepi szentmise f\u0151celebr\u00e1nsa Ft. Bos\u00e1k N\u00e1ndor<\/strong> ki\u00e9rdemes\u00fclt debrecen-ny\u00edregyh\u00e1zi p\u00fcsp\u00f6k.<\/p>\n<p>A b\u00facs\u00fara <strong>07.00-kor indul az aut\u00f3busz a Szenczi Moln\u00e1r Albert utc\u00e1r\u00f3l. <\/strong><\/p>\n<p>Erre b\u00facs\u00fara <strong>ker\u00e9kp\u00e1ros zar\u00e1ndoklat is indul.<\/strong><\/p>\n<p><strong>A biciklis zar\u00e1ndokok csoportja j\u00falius 30-\u00e1n d\u00e9lel\u0151tt 10.00-kor indul a debreceni Szent Istv\u00e1n templomt\u00f3l.<\/strong> Az \u00fatvonal: Debrecen, Hajd\u00fas\u00e1mson, Ny\u00edradony, Ny\u00edrb\u00e1tor \u00e9s M\u00e1riap\u00f3cs. Az \u00e9tkez\u00e9sr\u0151l mindenki maga gondoskodik.<\/p>\n<p><strong>A visszaindul\u00e1s j\u00falius 31-\u00e9n 15.00-kor lesz. Debrecenbe \u00e9rkez\u00e9s kb. 20.00-ra.<\/strong><\/p>\n","protected":false},"excerpt":{"rendered":"<p>A Debrecen-Ny\u00edregyh\u00e1zi Egyh\u00e1zmegye b\u00facs\u00faja j\u00falius 31-\u00e9n lesz M\u00e1riap\u00f3cson. A 10 \u00f3rakor kezd\u0151d\u0151 \u00fcnnepi szentmise f\u0151celebr\u00e1nsa Ft. Bos\u00e1k N\u00e1ndor ki\u00e9rdemes\u00fclt debrecen-ny\u00edregyh\u00e1zi p\u00fcsp\u00f6k. A b\u00facs\u00fara 07.00-kor indul&#8230;<\/p>\n","protected":false},"author":2,"featured_media":0,"comment_status":"closed","ping_status":"open","sticky":false,"template":"","format":"standard","meta":[],"categories":[2],"tags":[],"_links":{"self":[{"href":"https:\/\/szentistvan.dnyem.hu\/index.php?rest_route=\/wp\/v2\/posts\/853"}],"collection":[{"href":"https:\/\/szentistvan.dnyem.hu\/index.php?rest_route=\/wp\/v2\/posts"}],"about":[{"href":"https:\/\/szentistvan.dnyem.hu\/index.php?rest_route=\/wp\/v2\/types\/post"}],"author":[{"embeddable":true,"href":"https:\/\/szentistvan.dnyem.hu\/index.php?rest_route=\/wp\/v2\/users\/2"}],"replies":[{"embeddable":true,"href":"https:\/\/szentistvan.dnyem.hu\/index.php?rest_route=%2Fwp%2Fv2%2Fcomments&post=853"}],"version-history":[{"count":7,"href":"https:\/\/szentistvan.dnyem.hu\/index.php?rest_route=\/wp\/v2\/posts\/853\/revisions"}],"predecessor-version":[{"id":911,"href":"https:\/\/szentistvan.dnyem.hu\/index.php?rest_route=\/wp\/v2\/posts\/853\/revisions\/911"}],"wp:attachment":[{"href":"https:\/\/szentistvan.dnyem.hu\/index.php?rest_route=%2Fwp%2Fv2%2Fmedia&parent=853"}],"wp:term":[{"taxonomy":"category","embeddable":true,"href":"https:\/\/szentistvan.dnyem.hu\/index.php?rest_route=%2Fwp%2Fv2%2Fcategories&post=853"},{"taxonomy":"post_tag","embeddable":true,"href":"https:\/\/szentistvan.dnyem.hu\/index.php?rest_route=%2Fwp%2Fv2%2Ftags&post=853"}],"curies":[{"name":"wp","href":"https:\/\/api.w.org\/{rel}","templated":true}]}}