{"id":850,"date":"2016-06-17T12:10:31","date_gmt":"2016-06-17T11:10:31","guid":{"rendered":"http:\/\/szentistvan.dnyem.hu\/?p=850"},"modified":"2016-06-17T12:10:31","modified_gmt":"2016-06-17T11:10:31","slug":"diakonus-es-papszenteles","status":"publish","type":"post","link":"https:\/\/szentistvan.dnyem.hu\/?p=850","title":{"rendered":"Diak\u00f3nus- \u00e9s papszentel\u00e9s"},"content":{"rendered":"<p><strong>J\u00fanius 25-\u00e9n 10.00-t\u00f3l Ny\u00edregyh\u00e1z\u00e1n a Magyarok Nagyasszonya t\u00e1rssz\u00e9kesegyh\u00e1zban<\/strong><\/p>\n<p><strong>p\u00fcsp\u00f6k atya<\/strong><\/p>\n<p><strong>diak\u00f3nuss\u00e1 szenteli Papp Tam\u00e1s ny\u00edregyh\u00e1zi akolitust<\/strong>,<\/p>\n<p>\u00e9s<strong> \u00e1ldoz\u00f3papp\u00e1 szenteli Markovics Bal\u00e1zs diak\u00f3nust.<\/strong><\/p>\n<p>Im\u00e1dkozzunk \u00e9rt\u00fck!<\/p>\n","protected":false},"excerpt":{"rendered":"<p>J\u00fanius 25-\u00e9n 10.00-t\u00f3l Ny\u00edregyh\u00e1z\u00e1n a Magyarok Nagyasszonya t\u00e1rssz\u00e9kesegyh\u00e1zban p\u00fcsp\u00f6k atya diak\u00f3nuss\u00e1 szenteli Papp Tam\u00e1s ny\u00edregyh\u00e1zi akolitust, \u00e9s \u00e1ldoz\u00f3papp\u00e1 szenteli Markovics Bal\u00e1zs diak\u00f3nust. Im\u00e1dkozzunk \u00e9rt\u00fck!<\/p>\n","protected":false},"author":2,"featured_media":0,"comment_status":"closed","ping_status":"open","sticky":false,"template":"","format":"standard","meta":[],"categories":[2],"tags":[],"_links":{"self":[{"href":"https:\/\/szentistvan.dnyem.hu\/index.php?rest_route=\/wp\/v2\/posts\/850"}],"collection":[{"href":"https:\/\/szentistvan.dnyem.hu\/index.php?rest_route=\/wp\/v2\/posts"}],"about":[{"href":"https:\/\/szentistvan.dnyem.hu\/index.php?rest_route=\/wp\/v2\/types\/post"}],"author":[{"embeddable":true,"href":"https:\/\/szentistvan.dnyem.hu\/index.php?rest_route=\/wp\/v2\/users\/2"}],"replies":[{"embeddable":true,"href":"https:\/\/szentistvan.dnyem.hu\/index.php?rest_route=%2Fwp%2Fv2%2Fcomments&post=850"}],"version-history":[{"count":1,"href":"https:\/\/szentistvan.dnyem.hu\/index.php?rest_route=\/wp\/v2\/posts\/850\/revisions"}],"predecessor-version":[{"id":851,"href":"https:\/\/szentistvan.dnyem.hu\/index.php?rest_route=\/wp\/v2\/posts\/850\/revisions\/851"}],"wp:attachment":[{"href":"https:\/\/szentistvan.dnyem.hu\/index.php?rest_route=%2Fwp%2Fv2%2Fmedia&parent=850"}],"wp:term":[{"taxonomy":"category","embeddable":true,"href":"https:\/\/szentistvan.dnyem.hu\/index.php?rest_route=%2Fwp%2Fv2%2Fcategories&post=850"},{"taxonomy":"post_tag","embeddable":true,"href":"https:\/\/szentistvan.dnyem.hu\/index.php?rest_route=%2Fwp%2Fv2%2Ftags&post=850"}],"curies":[{"name":"wp","href":"https:\/\/api.w.org\/{rel}","templated":true}]}}