{"id":794,"date":"2016-04-29T17:57:24","date_gmt":"2016-04-29T16:57:24","guid":{"rendered":"http:\/\/szentistvan.dnyem.hu\/?p=794"},"modified":"2016-06-17T12:11:07","modified_gmt":"2016-06-17T11:11:07","slug":"ministranstabor","status":"publish","type":"post","link":"https:\/\/szentistvan.dnyem.hu\/?p=794","title":{"rendered":"Ministr\u00e1nst\u00e1bor"},"content":{"rendered":"<p>2. oszt\u00e1lyt\u00f3l k\u00f6z\u00e9piskol\u00e1s koroszt\u00e1llyal bez\u00e1r\u00f3lag lesz <strong>m<\/strong><strong>inistr\u00e1nst\u00e1bor Kisv\u00e1rd\u00e1n fi\u00faknak<\/strong> <strong>augusztus 8-t\u00f3l 13-ig Kisv\u00e1rd\u00e1n.<\/strong><\/p>\n<p>A r\u00e9sztvev\u0151k sz\u00e1ll\u00e1sa \u00e9s \u00e9tkeztet\u00e9se a Szent L\u00e1szl\u00f3 K\u00f6z\u00e9piskola Koll\u00e9gium\u00e1ban lesz.<\/p>\n<p>A t\u00e1boroztat\u00e1s k\u00f6lts\u00e9ge 15.000,-Ft, amelyb\u0151l 1\/3 r\u00e9sz terheli a r\u00e9sztvev\u0151t, a pl\u00e9b\u00e1ni\u00e1t \u00e9s az egyh\u00e1zmegy\u00e9t.<\/p>\n<p><strong>Jelentkezni lehet n\u00e1lam j\u00fanius 25-ig.<\/strong><\/p>\n","protected":false},"excerpt":{"rendered":"<p>2. oszt\u00e1lyt\u00f3l k\u00f6z\u00e9piskol\u00e1s koroszt\u00e1llyal bez\u00e1r\u00f3lag lesz ministr\u00e1nst\u00e1bor Kisv\u00e1rd\u00e1n fi\u00faknak augusztus 8-t\u00f3l 13-ig Kisv\u00e1rd\u00e1n. A r\u00e9sztvev\u0151k sz\u00e1ll\u00e1sa \u00e9s \u00e9tkeztet\u00e9se a Szent L\u00e1szl\u00f3 K\u00f6z\u00e9piskola Koll\u00e9gium\u00e1ban lesz. A&#8230;<\/p>\n","protected":false},"author":2,"featured_media":0,"comment_status":"closed","ping_status":"open","sticky":false,"template":"","format":"standard","meta":[],"categories":[2],"tags":[],"_links":{"self":[{"href":"https:\/\/szentistvan.dnyem.hu\/index.php?rest_route=\/wp\/v2\/posts\/794"}],"collection":[{"href":"https:\/\/szentistvan.dnyem.hu\/index.php?rest_route=\/wp\/v2\/posts"}],"about":[{"href":"https:\/\/szentistvan.dnyem.hu\/index.php?rest_route=\/wp\/v2\/types\/post"}],"author":[{"embeddable":true,"href":"https:\/\/szentistvan.dnyem.hu\/index.php?rest_route=\/wp\/v2\/users\/2"}],"replies":[{"embeddable":true,"href":"https:\/\/szentistvan.dnyem.hu\/index.php?rest_route=%2Fwp%2Fv2%2Fcomments&post=794"}],"version-history":[{"count":4,"href":"https:\/\/szentistvan.dnyem.hu\/index.php?rest_route=\/wp\/v2\/posts\/794\/revisions"}],"predecessor-version":[{"id":852,"href":"https:\/\/szentistvan.dnyem.hu\/index.php?rest_route=\/wp\/v2\/posts\/794\/revisions\/852"}],"wp:attachment":[{"href":"https:\/\/szentistvan.dnyem.hu\/index.php?rest_route=%2Fwp%2Fv2%2Fmedia&parent=794"}],"wp:term":[{"taxonomy":"category","embeddable":true,"href":"https:\/\/szentistvan.dnyem.hu\/index.php?rest_route=%2Fwp%2Fv2%2Fcategories&post=794"},{"taxonomy":"post_tag","embeddable":true,"href":"https:\/\/szentistvan.dnyem.hu\/index.php?rest_route=%2Fwp%2Fv2%2Ftags&post=794"}],"curies":[{"name":"wp","href":"https:\/\/api.w.org\/{rel}","templated":true}]}}