{"id":741,"date":"2016-03-20T20:52:56","date_gmt":"2016-03-20T19:52:56","guid":{"rendered":"http:\/\/szentistvan.dnyem.hu\/?p=741"},"modified":"2016-03-20T20:52:56","modified_gmt":"2016-03-20T19:52:56","slug":"feltamadt-krisztus-alleluja","status":"publish","type":"post","link":"https:\/\/szentistvan.dnyem.hu\/?p=741","title":{"rendered":"Felt\u00e1madt Krisztus! Alleluja!"},"content":{"rendered":"<p><strong>Rem\u00e9nykelt\u0151, szent H\u00fasv\u00e9tban r\u00e9szes\u00edtsen minket \u00e9s e hirdet\u00e9s minden kedves olvas\u00f3j\u00e1t az \u00e9rt\u00fcnk megfesz\u00edtett \u00e9s felt\u00e1madt \u00dar J\u00e9zus Krisztus! Alleluja! Alleluja!<\/strong><\/p>\n","protected":false},"excerpt":{"rendered":"<p>Rem\u00e9nykelt\u0151, szent H\u00fasv\u00e9tban r\u00e9szes\u00edtsen minket \u00e9s e hirdet\u00e9s minden kedves olvas\u00f3j\u00e1t az \u00e9rt\u00fcnk megfesz\u00edtett \u00e9s felt\u00e1madt \u00dar J\u00e9zus Krisztus! Alleluja! Alleluja!<\/p>\n","protected":false},"author":2,"featured_media":742,"comment_status":"closed","ping_status":"open","sticky":false,"template":"","format":"standard","meta":[],"categories":[1],"tags":[],"_links":{"self":[{"href":"https:\/\/szentistvan.dnyem.hu\/index.php?rest_route=\/wp\/v2\/posts\/741"}],"collection":[{"href":"https:\/\/szentistvan.dnyem.hu\/index.php?rest_route=\/wp\/v2\/posts"}],"about":[{"href":"https:\/\/szentistvan.dnyem.hu\/index.php?rest_route=\/wp\/v2\/types\/post"}],"author":[{"embeddable":true,"href":"https:\/\/szentistvan.dnyem.hu\/index.php?rest_route=\/wp\/v2\/users\/2"}],"replies":[{"embeddable":true,"href":"https:\/\/szentistvan.dnyem.hu\/index.php?rest_route=%2Fwp%2Fv2%2Fcomments&post=741"}],"version-history":[{"count":1,"href":"https:\/\/szentistvan.dnyem.hu\/index.php?rest_route=\/wp\/v2\/posts\/741\/revisions"}],"predecessor-version":[{"id":743,"href":"https:\/\/szentistvan.dnyem.hu\/index.php?rest_route=\/wp\/v2\/posts\/741\/revisions\/743"}],"wp:featuredmedia":[{"embeddable":true,"href":"https:\/\/szentistvan.dnyem.hu\/index.php?rest_route=\/wp\/v2\/media\/742"}],"wp:attachment":[{"href":"https:\/\/szentistvan.dnyem.hu\/index.php?rest_route=%2Fwp%2Fv2%2Fmedia&parent=741"}],"wp:term":[{"taxonomy":"category","embeddable":true,"href":"https:\/\/szentistvan.dnyem.hu\/index.php?rest_route=%2Fwp%2Fv2%2Fcategories&post=741"},{"taxonomy":"post_tag","embeddable":true,"href":"https:\/\/szentistvan.dnyem.hu\/index.php?rest_route=%2Fwp%2Fv2%2Ftags&post=741"}],"curies":[{"name":"wp","href":"https:\/\/api.w.org\/{rel}","templated":true}]}}