{"id":739,"date":"2016-03-20T20:50:53","date_gmt":"2016-03-20T19:50:53","guid":{"rendered":"http:\/\/szentistvan.dnyem.hu\/?p=739"},"modified":"2016-03-20T20:50:53","modified_gmt":"2016-03-20T19:50:53","slug":"mi-a-jelentosege-krisztus-feltamadasanak","status":"publish","type":"post","link":"https:\/\/szentistvan.dnyem.hu\/?p=739","title":{"rendered":"Mi a jelent\u0151s\u00e9ge Krisztus felt\u00e1mad\u00e1s\u00e1nak?"},"content":{"rendered":"<p>Vegy\u00fck fontol\u00f3ra \u00e9s hozzuk m\u00e1sok tudom\u00e1s\u00e1ra:<\/p>\n<p><strong>\u201eHa pedig Krisztus nem t\u00e1madt fel, nincs \u00e9rtelme a mi tan\u00edt\u00e1sunknak, s nincs \u00e9rtelme a ti hiteteknek sem&#8221;<\/strong><br \/>\n(1Kor 15,14).<\/p>\n","protected":false},"excerpt":{"rendered":"<p>Vegy\u00fck fontol\u00f3ra \u00e9s hozzuk m\u00e1sok tudom\u00e1s\u00e1ra: \u201eHa pedig Krisztus nem t\u00e1madt fel, nincs \u00e9rtelme a mi tan\u00edt\u00e1sunknak, s nincs \u00e9rtelme a ti hiteteknek sem&#8221; (1Kor&#8230;<\/p>\n","protected":false},"author":2,"featured_media":0,"comment_status":"closed","ping_status":"open","sticky":false,"template":"","format":"standard","meta":[],"categories":[1],"tags":[],"_links":{"self":[{"href":"https:\/\/szentistvan.dnyem.hu\/index.php?rest_route=\/wp\/v2\/posts\/739"}],"collection":[{"href":"https:\/\/szentistvan.dnyem.hu\/index.php?rest_route=\/wp\/v2\/posts"}],"about":[{"href":"https:\/\/szentistvan.dnyem.hu\/index.php?rest_route=\/wp\/v2\/types\/post"}],"author":[{"embeddable":true,"href":"https:\/\/szentistvan.dnyem.hu\/index.php?rest_route=\/wp\/v2\/users\/2"}],"replies":[{"embeddable":true,"href":"https:\/\/szentistvan.dnyem.hu\/index.php?rest_route=%2Fwp%2Fv2%2Fcomments&post=739"}],"version-history":[{"count":1,"href":"https:\/\/szentistvan.dnyem.hu\/index.php?rest_route=\/wp\/v2\/posts\/739\/revisions"}],"predecessor-version":[{"id":740,"href":"https:\/\/szentistvan.dnyem.hu\/index.php?rest_route=\/wp\/v2\/posts\/739\/revisions\/740"}],"wp:attachment":[{"href":"https:\/\/szentistvan.dnyem.hu\/index.php?rest_route=%2Fwp%2Fv2%2Fmedia&parent=739"}],"wp:term":[{"taxonomy":"category","embeddable":true,"href":"https:\/\/szentistvan.dnyem.hu\/index.php?rest_route=%2Fwp%2Fv2%2Fcategories&post=739"},{"taxonomy":"post_tag","embeddable":true,"href":"https:\/\/szentistvan.dnyem.hu\/index.php?rest_route=%2Fwp%2Fv2%2Ftags&post=739"}],"curies":[{"name":"wp","href":"https:\/\/api.w.org\/{rel}","templated":true}]}}