{"id":737,"date":"2016-03-20T20:48:39","date_gmt":"2016-03-20T19:48:39","guid":{"rendered":"http:\/\/szentistvan.dnyem.hu\/?p=737"},"modified":"2016-03-20T20:48:39","modified_gmt":"2016-03-20T19:48:39","slug":"biciklis-tabor","status":"publish","type":"post","link":"https:\/\/szentistvan.dnyem.hu\/?p=737","title":{"rendered":"Biciklis t\u00e1bor"},"content":{"rendered":"<p>Biciklis t\u00e1bor <strong>Tarcalon j\u00falius 10-16\u2013ig<\/strong> els\u0151sorban egyh\u00e1zk\u00f6zs\u00e9g\u00fcnk h\u00edveinek (<strong>gyermekeknek \u00e9s feln\u0151tteknek<\/strong>).<\/p>\n<p>Sz\u00e1ll\u00e1sunk kir\u00e1ndul\u00f3k fogad\u00e1s\u00e1ra berendezett \u00f6sszkomfortos \u00e9p\u00fcletben 4-6 \u00e1gyas szob\u00e1k, felszerelt konyha, 3 mosd\u00f3 zuhanyz\u00f3val \u00e9s t\u00e1rsalg\u00f3val.<\/p>\n<p><strong>Sz\u00e1ll\u00e1sk\u00f6lts\u00e9g \u00e9jszak\u00e1nk\u00e9nt 2000 Ft\/f\u0151.<\/strong><\/p>\n<p>Jelentkezni n\u00e1lam lehet.<\/p>\n","protected":false},"excerpt":{"rendered":"<p>Biciklis t\u00e1bor Tarcalon j\u00falius 10-16\u2013ig els\u0151sorban egyh\u00e1zk\u00f6zs\u00e9g\u00fcnk h\u00edveinek (gyermekeknek \u00e9s feln\u0151tteknek). Sz\u00e1ll\u00e1sunk kir\u00e1ndul\u00f3k fogad\u00e1s\u00e1ra berendezett \u00f6sszkomfortos \u00e9p\u00fcletben 4-6 \u00e1gyas szob\u00e1k, felszerelt konyha, 3 mosd\u00f3 zuhanyz\u00f3val&#8230;<\/p>\n","protected":false},"author":2,"featured_media":0,"comment_status":"closed","ping_status":"open","sticky":false,"template":"","format":"standard","meta":[],"categories":[2],"tags":[],"_links":{"self":[{"href":"https:\/\/szentistvan.dnyem.hu\/index.php?rest_route=\/wp\/v2\/posts\/737"}],"collection":[{"href":"https:\/\/szentistvan.dnyem.hu\/index.php?rest_route=\/wp\/v2\/posts"}],"about":[{"href":"https:\/\/szentistvan.dnyem.hu\/index.php?rest_route=\/wp\/v2\/types\/post"}],"author":[{"embeddable":true,"href":"https:\/\/szentistvan.dnyem.hu\/index.php?rest_route=\/wp\/v2\/users\/2"}],"replies":[{"embeddable":true,"href":"https:\/\/szentistvan.dnyem.hu\/index.php?rest_route=%2Fwp%2Fv2%2Fcomments&post=737"}],"version-history":[{"count":1,"href":"https:\/\/szentistvan.dnyem.hu\/index.php?rest_route=\/wp\/v2\/posts\/737\/revisions"}],"predecessor-version":[{"id":738,"href":"https:\/\/szentistvan.dnyem.hu\/index.php?rest_route=\/wp\/v2\/posts\/737\/revisions\/738"}],"wp:attachment":[{"href":"https:\/\/szentistvan.dnyem.hu\/index.php?rest_route=%2Fwp%2Fv2%2Fmedia&parent=737"}],"wp:term":[{"taxonomy":"category","embeddable":true,"href":"https:\/\/szentistvan.dnyem.hu\/index.php?rest_route=%2Fwp%2Fv2%2Fcategories&post=737"},{"taxonomy":"post_tag","embeddable":true,"href":"https:\/\/szentistvan.dnyem.hu\/index.php?rest_route=%2Fwp%2Fv2%2Ftags&post=737"}],"curies":[{"name":"wp","href":"https:\/\/api.w.org\/{rel}","templated":true}]}}