{"id":731,"date":"2016-03-20T20:42:32","date_gmt":"2016-03-20T19:42:32","guid":{"rendered":"http:\/\/szentistvan.dnyem.hu\/?p=731"},"modified":"2016-03-20T20:42:32","modified_gmt":"2016-03-20T19:42:32","slug":"egyhazmegyei-ifjusagi-talalkozo","status":"publish","type":"post","link":"https:\/\/szentistvan.dnyem.hu\/?p=731","title":{"rendered":"Egyh\u00e1zmegyei Ifj\u00fas\u00e1gi Tal\u00e1lkoz\u00f3"},"content":{"rendered":"<p><strong>\u00c1prilis 2-\u00e1n <\/strong><\/p>\n<p><strong>Egyh\u00e1zmegyei Ifj\u00fas\u00e1gi Tal\u00e1lkoz\u00f3 <\/strong><\/p>\n<p><strong>Ny\u00edregyh\u00e1z\u00e1n a belv\u00e1rosi pl\u00e9b\u00e1ni\u00e1n<\/strong><\/p>\n<p>16-30 \u00e9v k\u00f6z\u00f6ttieknek.<\/p>\n<p><strong>T\u00e9m\u00e1ja: az irgalmass\u00e1g cselekedetei.<\/strong><\/p>\n<p>Jelentkezni n\u00e1lam lehet.<\/p>\n","protected":false},"excerpt":{"rendered":"<p>\u00c1prilis 2-\u00e1n Egyh\u00e1zmegyei Ifj\u00fas\u00e1gi Tal\u00e1lkoz\u00f3 Ny\u00edregyh\u00e1z\u00e1n a belv\u00e1rosi pl\u00e9b\u00e1ni\u00e1n 16-30 \u00e9v k\u00f6z\u00f6ttieknek. T\u00e9m\u00e1ja: az irgalmass\u00e1g cselekedetei. Jelentkezni n\u00e1lam lehet.<\/p>\n","protected":false},"author":2,"featured_media":0,"comment_status":"closed","ping_status":"open","sticky":false,"template":"","format":"standard","meta":[],"categories":[2],"tags":[],"_links":{"self":[{"href":"https:\/\/szentistvan.dnyem.hu\/index.php?rest_route=\/wp\/v2\/posts\/731"}],"collection":[{"href":"https:\/\/szentistvan.dnyem.hu\/index.php?rest_route=\/wp\/v2\/posts"}],"about":[{"href":"https:\/\/szentistvan.dnyem.hu\/index.php?rest_route=\/wp\/v2\/types\/post"}],"author":[{"embeddable":true,"href":"https:\/\/szentistvan.dnyem.hu\/index.php?rest_route=\/wp\/v2\/users\/2"}],"replies":[{"embeddable":true,"href":"https:\/\/szentistvan.dnyem.hu\/index.php?rest_route=%2Fwp%2Fv2%2Fcomments&post=731"}],"version-history":[{"count":1,"href":"https:\/\/szentistvan.dnyem.hu\/index.php?rest_route=\/wp\/v2\/posts\/731\/revisions"}],"predecessor-version":[{"id":732,"href":"https:\/\/szentistvan.dnyem.hu\/index.php?rest_route=\/wp\/v2\/posts\/731\/revisions\/732"}],"wp:attachment":[{"href":"https:\/\/szentistvan.dnyem.hu\/index.php?rest_route=%2Fwp%2Fv2%2Fmedia&parent=731"}],"wp:term":[{"taxonomy":"category","embeddable":true,"href":"https:\/\/szentistvan.dnyem.hu\/index.php?rest_route=%2Fwp%2Fv2%2Fcategories&post=731"},{"taxonomy":"post_tag","embeddable":true,"href":"https:\/\/szentistvan.dnyem.hu\/index.php?rest_route=%2Fwp%2Fv2%2Ftags&post=731"}],"curies":[{"name":"wp","href":"https:\/\/api.w.org\/{rel}","templated":true}]}}