{"id":727,"date":"2016-03-11T17:07:54","date_gmt":"2016-03-11T16:07:54","guid":{"rendered":"http:\/\/szentistvan.dnyem.hu\/?p=727"},"modified":"2016-03-11T17:07:54","modified_gmt":"2016-03-11T16:07:54","slug":"templomtakaritas","status":"publish","type":"post","link":"https:\/\/szentistvan.dnyem.hu\/?p=727","title":{"rendered":"Templomtakar\u00edt\u00e1s"},"content":{"rendered":"<p><strong>Szombaton, m\u00e1rcius 19-\u00e9n 9.00-t\u00f3<\/strong>l templomtakar\u00edt\u00e1s.<\/p>\n","protected":false},"excerpt":{"rendered":"<p>Szombaton, m\u00e1rcius 19-\u00e9n 9.00-t\u00f3l templomtakar\u00edt\u00e1s.<\/p>\n","protected":false},"author":2,"featured_media":0,"comment_status":"closed","ping_status":"open","sticky":false,"template":"","format":"standard","meta":[],"categories":[2],"tags":[],"_links":{"self":[{"href":"https:\/\/szentistvan.dnyem.hu\/index.php?rest_route=\/wp\/v2\/posts\/727"}],"collection":[{"href":"https:\/\/szentistvan.dnyem.hu\/index.php?rest_route=\/wp\/v2\/posts"}],"about":[{"href":"https:\/\/szentistvan.dnyem.hu\/index.php?rest_route=\/wp\/v2\/types\/post"}],"author":[{"embeddable":true,"href":"https:\/\/szentistvan.dnyem.hu\/index.php?rest_route=\/wp\/v2\/users\/2"}],"replies":[{"embeddable":true,"href":"https:\/\/szentistvan.dnyem.hu\/index.php?rest_route=%2Fwp%2Fv2%2Fcomments&post=727"}],"version-history":[{"count":1,"href":"https:\/\/szentistvan.dnyem.hu\/index.php?rest_route=\/wp\/v2\/posts\/727\/revisions"}],"predecessor-version":[{"id":728,"href":"https:\/\/szentistvan.dnyem.hu\/index.php?rest_route=\/wp\/v2\/posts\/727\/revisions\/728"}],"wp:attachment":[{"href":"https:\/\/szentistvan.dnyem.hu\/index.php?rest_route=%2Fwp%2Fv2%2Fmedia&parent=727"}],"wp:term":[{"taxonomy":"category","embeddable":true,"href":"https:\/\/szentistvan.dnyem.hu\/index.php?rest_route=%2Fwp%2Fv2%2Fcategories&post=727"},{"taxonomy":"post_tag","embeddable":true,"href":"https:\/\/szentistvan.dnyem.hu\/index.php?rest_route=%2Fwp%2Fv2%2Ftags&post=727"}],"curies":[{"name":"wp","href":"https:\/\/api.w.org\/{rel}","templated":true}]}}