{"id":725,"date":"2016-03-11T17:06:45","date_gmt":"2016-03-11T16:06:45","guid":{"rendered":"http:\/\/szentistvan.dnyem.hu\/?p=725"},"modified":"2016-03-11T17:06:45","modified_gmt":"2016-03-11T16:06:45","slug":"varosi-keresztut","status":"publish","type":"post","link":"https:\/\/szentistvan.dnyem.hu\/?p=725","title":{"rendered":"V\u00e1rosi kereszt\u00fat"},"content":{"rendered":"<p><strong>Cs\u00fct\u00f6rt\u00f6k\u00f6n, m\u00e1rcius 17-\u00e9n<\/strong><\/p>\n<p>v\u00e1rosi kereszt\u00fat lesz.<\/p>\n<p><strong>Indul\u00e1s a Szent Anna sz\u00e9kesegyh\u00e1zb\u00f3l 15:00-kor.<\/strong><\/p>\n<p>V\u00e9gig a Piac utc\u00e1n a Reform\u00e1tus Nagytemplomig, a csonka templom oldal\u00e1ban pedig vissza a sz\u00e9kesegyh\u00e1zba.<\/p>\n","protected":false},"excerpt":{"rendered":"<p>Cs\u00fct\u00f6rt\u00f6k\u00f6n, m\u00e1rcius 17-\u00e9n v\u00e1rosi kereszt\u00fat lesz. Indul\u00e1s a Szent Anna sz\u00e9kesegyh\u00e1zb\u00f3l 15:00-kor. V\u00e9gig a Piac utc\u00e1n a Reform\u00e1tus Nagytemplomig, a csonka templom oldal\u00e1ban pedig vissza&#8230;<\/p>\n","protected":false},"author":2,"featured_media":0,"comment_status":"closed","ping_status":"open","sticky":false,"template":"","format":"standard","meta":[],"categories":[2],"tags":[],"_links":{"self":[{"href":"https:\/\/szentistvan.dnyem.hu\/index.php?rest_route=\/wp\/v2\/posts\/725"}],"collection":[{"href":"https:\/\/szentistvan.dnyem.hu\/index.php?rest_route=\/wp\/v2\/posts"}],"about":[{"href":"https:\/\/szentistvan.dnyem.hu\/index.php?rest_route=\/wp\/v2\/types\/post"}],"author":[{"embeddable":true,"href":"https:\/\/szentistvan.dnyem.hu\/index.php?rest_route=\/wp\/v2\/users\/2"}],"replies":[{"embeddable":true,"href":"https:\/\/szentistvan.dnyem.hu\/index.php?rest_route=%2Fwp%2Fv2%2Fcomments&post=725"}],"version-history":[{"count":1,"href":"https:\/\/szentistvan.dnyem.hu\/index.php?rest_route=\/wp\/v2\/posts\/725\/revisions"}],"predecessor-version":[{"id":726,"href":"https:\/\/szentistvan.dnyem.hu\/index.php?rest_route=\/wp\/v2\/posts\/725\/revisions\/726"}],"wp:attachment":[{"href":"https:\/\/szentistvan.dnyem.hu\/index.php?rest_route=%2Fwp%2Fv2%2Fmedia&parent=725"}],"wp:term":[{"taxonomy":"category","embeddable":true,"href":"https:\/\/szentistvan.dnyem.hu\/index.php?rest_route=%2Fwp%2Fv2%2Fcategories&post=725"},{"taxonomy":"post_tag","embeddable":true,"href":"https:\/\/szentistvan.dnyem.hu\/index.php?rest_route=%2Fwp%2Fv2%2Ftags&post=725"}],"curies":[{"name":"wp","href":"https:\/\/api.w.org\/{rel}","templated":true}]}}