{"id":723,"date":"2016-03-11T17:04:54","date_gmt":"2016-03-11T16:04:54","guid":{"rendered":"http:\/\/szentistvan.dnyem.hu\/?p=723"},"modified":"2016-03-11T17:04:54","modified_gmt":"2016-03-11T16:04:54","slug":"szentsegimadas","status":"publish","type":"post","link":"https:\/\/szentistvan.dnyem.hu\/?p=723","title":{"rendered":"Szents\u00e9gim\u00e1d\u00e1s"},"content":{"rendered":"<p><strong>Szerd\u00e1n, m\u00e1rcius 16-\u00e1n a J\u00e9zus Sz\u00edve templomban<\/strong><\/p>\n<p>eg\u00e9sz napos szents\u00e9gim\u00e1d\u00e1s.<\/p>\n","protected":false},"excerpt":{"rendered":"<p>Szerd\u00e1n, m\u00e1rcius 16-\u00e1n a J\u00e9zus Sz\u00edve templomban eg\u00e9sz napos szents\u00e9gim\u00e1d\u00e1s.<\/p>\n","protected":false},"author":2,"featured_media":0,"comment_status":"closed","ping_status":"open","sticky":false,"template":"","format":"standard","meta":[],"categories":[2],"tags":[],"_links":{"self":[{"href":"https:\/\/szentistvan.dnyem.hu\/index.php?rest_route=\/wp\/v2\/posts\/723"}],"collection":[{"href":"https:\/\/szentistvan.dnyem.hu\/index.php?rest_route=\/wp\/v2\/posts"}],"about":[{"href":"https:\/\/szentistvan.dnyem.hu\/index.php?rest_route=\/wp\/v2\/types\/post"}],"author":[{"embeddable":true,"href":"https:\/\/szentistvan.dnyem.hu\/index.php?rest_route=\/wp\/v2\/users\/2"}],"replies":[{"embeddable":true,"href":"https:\/\/szentistvan.dnyem.hu\/index.php?rest_route=%2Fwp%2Fv2%2Fcomments&post=723"}],"version-history":[{"count":1,"href":"https:\/\/szentistvan.dnyem.hu\/index.php?rest_route=\/wp\/v2\/posts\/723\/revisions"}],"predecessor-version":[{"id":724,"href":"https:\/\/szentistvan.dnyem.hu\/index.php?rest_route=\/wp\/v2\/posts\/723\/revisions\/724"}],"wp:attachment":[{"href":"https:\/\/szentistvan.dnyem.hu\/index.php?rest_route=%2Fwp%2Fv2%2Fmedia&parent=723"}],"wp:term":[{"taxonomy":"category","embeddable":true,"href":"https:\/\/szentistvan.dnyem.hu\/index.php?rest_route=%2Fwp%2Fv2%2Fcategories&post=723"},{"taxonomy":"post_tag","embeddable":true,"href":"https:\/\/szentistvan.dnyem.hu\/index.php?rest_route=%2Fwp%2Fv2%2Ftags&post=723"}],"curies":[{"name":"wp","href":"https:\/\/api.w.org\/{rel}","templated":true}]}}