{"id":7123,"date":"2026-09-06T14:33:07","date_gmt":"2026-09-06T12:33:07","guid":{"rendered":"https:\/\/szentistvan.dnyem.hu\/?p=7123"},"modified":"2026-09-06T14:33:07","modified_gmt":"2026-09-06T12:33:07","slug":"magyarok-nagyasszonya-bucsu","status":"publish","type":"post","link":"https:\/\/szentistvan.dnyem.hu\/?p=7123","title":{"rendered":"Magyarok Nagyasszonya b\u00facs\u00fa"},"content":{"rendered":"\n<p><strong>Zar\u00e1ndoklat okt. 11-\u00e9n, vas\u00e1rnap M\u00e1travereb\u00e9ly-Szentk\u00fatra a Magyarok Nagyasszonya b\u00facs\u00fara. A busz a Szenczi M. A. u. 3. el\u0151l indul. Az \u00fatik\u00f6lts\u00e9g szem\u00e9lyenk\u00e9nt 10.000 Ft. Jelentkezni lehet szeptember 30-ig Kizman P\u00e1ln\u00e1l.<\/strong><\/p>\n","protected":false},"excerpt":{"rendered":"<p>Zar\u00e1ndoklat okt. 11-\u00e9n, vas\u00e1rnap M\u00e1travereb\u00e9ly-Szentk\u00fatra a Magyarok Nagyasszonya b\u00facs\u00fara. A busz a Szenczi M. A. u. 3. el\u0151l indul. Az \u00fatik\u00f6lts\u00e9g szem\u00e9lyenk\u00e9nt 10.000 Ft. Jelentkezni&#8230;<\/p>\n","protected":false},"author":2,"featured_media":0,"comment_status":"closed","ping_status":"open","sticky":false,"template":"","format":"standard","meta":[],"categories":[1,9,2],"tags":[],"_links":{"self":[{"href":"https:\/\/szentistvan.dnyem.hu\/index.php?rest_route=\/wp\/v2\/posts\/7123"}],"collection":[{"href":"https:\/\/szentistvan.dnyem.hu\/index.php?rest_route=\/wp\/v2\/posts"}],"about":[{"href":"https:\/\/szentistvan.dnyem.hu\/index.php?rest_route=\/wp\/v2\/types\/post"}],"author":[{"embeddable":true,"href":"https:\/\/szentistvan.dnyem.hu\/index.php?rest_route=\/wp\/v2\/users\/2"}],"replies":[{"embeddable":true,"href":"https:\/\/szentistvan.dnyem.hu\/index.php?rest_route=%2Fwp%2Fv2%2Fcomments&post=7123"}],"version-history":[{"count":1,"href":"https:\/\/szentistvan.dnyem.hu\/index.php?rest_route=\/wp\/v2\/posts\/7123\/revisions"}],"predecessor-version":[{"id":7124,"href":"https:\/\/szentistvan.dnyem.hu\/index.php?rest_route=\/wp\/v2\/posts\/7123\/revisions\/7124"}],"wp:attachment":[{"href":"https:\/\/szentistvan.dnyem.hu\/index.php?rest_route=%2Fwp%2Fv2%2Fmedia&parent=7123"}],"wp:term":[{"taxonomy":"category","embeddable":true,"href":"https:\/\/szentistvan.dnyem.hu\/index.php?rest_route=%2Fwp%2Fv2%2Fcategories&post=7123"},{"taxonomy":"post_tag","embeddable":true,"href":"https:\/\/szentistvan.dnyem.hu\/index.php?rest_route=%2Fwp%2Fv2%2Ftags&post=7123"}],"curies":[{"name":"wp","href":"https:\/\/api.w.org\/{rel}","templated":true}]}}