{"id":7110,"date":"2026-08-30T21:08:44","date_gmt":"2026-08-30T19:08:44","guid":{"rendered":"https:\/\/szentistvan.dnyem.hu\/?p=7110"},"modified":"2026-08-30T21:08:44","modified_gmt":"2026-08-30T19:08:44","slug":"elso-lepes","status":"publish","type":"post","link":"https:\/\/szentistvan.dnyem.hu\/?p=7110","title":{"rendered":"Els\u0151 l\u00e9p\u00e9s"},"content":{"rendered":"\n<p><strong>Szeptember 26-\u00e1n, szombaton 9:00 \u00f3r\u00e1t\u00f3l a Szenci Moln\u00e1r Albert Reform\u00e1tus Fels\u0151oktat\u00e1si Di\u00e1kotthonban (4032 Debrecen, Nagyerdei krt. 66.)<\/strong> lesz az ELS\u0150 L\u00c9P\u00c9S elnevez\u00e9s\u0171 p\u00e1rkeres\u0151 alkalom, amelyen r\u00e9szt vehetnek a 20-35 \u00e9ves dolgoz\u00f3 fiatalok \u00e9s m\u00e9g tanul\u00f3k kifejezetten p\u00e1rkeres\u00e9s c\u00e9lj\u00e1b\u00f3l. A programon val\u00f3 r\u00e9szv\u00e9tel ingyenes. <\/p>\n\n\n\n<p>Jelentkez\u00e9si hat\u00e1rid\u0151 2026. szeptember 10.<\/p>\n\n\n\n<p>Regisztr\u00e1ci\u00f3s link: <a rel=\"noreferrer noopener\" href=\"https:\/\/forms.gle\/2CbGrVZGkeHJYTwj6\" target=\"_blank\">https:\/\/forms.gle\/2CbGrVZGkeHJYTwj6<\/a> <\/p>\n\n\n\n<p>Minden fontos inform\u00e1ci\u00f3val: <a rel=\"noreferrer noopener\" href=\"https:\/\/facebook.com\/events\/s\/elso-lepes-2026-debrecen-parke\/1594412455740181\/\" target=\"_blank\">https:\/\/facebook.com\/events\/s\/elso-lepes-2026-debrecen-parke\/1594412455740181\/<\/a><\/p>\n","protected":false},"excerpt":{"rendered":"<p>Szeptember 26-\u00e1n, szombaton 9:00 \u00f3r\u00e1t\u00f3l a Szenci Moln\u00e1r Albert Reform\u00e1tus Fels\u0151oktat\u00e1si Di\u00e1kotthonban (4032 Debrecen, Nagyerdei krt. 66.) lesz az ELS\u0150 L\u00c9P\u00c9S elnevez\u00e9s\u0171 p\u00e1rkeres\u0151 alkalom, amelyen&#8230;<\/p>\n","protected":false},"author":2,"featured_media":0,"comment_status":"closed","ping_status":"open","sticky":false,"template":"","format":"standard","meta":[],"categories":[2],"tags":[],"_links":{"self":[{"href":"https:\/\/szentistvan.dnyem.hu\/index.php?rest_route=\/wp\/v2\/posts\/7110"}],"collection":[{"href":"https:\/\/szentistvan.dnyem.hu\/index.php?rest_route=\/wp\/v2\/posts"}],"about":[{"href":"https:\/\/szentistvan.dnyem.hu\/index.php?rest_route=\/wp\/v2\/types\/post"}],"author":[{"embeddable":true,"href":"https:\/\/szentistvan.dnyem.hu\/index.php?rest_route=\/wp\/v2\/users\/2"}],"replies":[{"embeddable":true,"href":"https:\/\/szentistvan.dnyem.hu\/index.php?rest_route=%2Fwp%2Fv2%2Fcomments&post=7110"}],"version-history":[{"count":1,"href":"https:\/\/szentistvan.dnyem.hu\/index.php?rest_route=\/wp\/v2\/posts\/7110\/revisions"}],"predecessor-version":[{"id":7111,"href":"https:\/\/szentistvan.dnyem.hu\/index.php?rest_route=\/wp\/v2\/posts\/7110\/revisions\/7111"}],"wp:attachment":[{"href":"https:\/\/szentistvan.dnyem.hu\/index.php?rest_route=%2Fwp%2Fv2%2Fmedia&parent=7110"}],"wp:term":[{"taxonomy":"category","embeddable":true,"href":"https:\/\/szentistvan.dnyem.hu\/index.php?rest_route=%2Fwp%2Fv2%2Fcategories&post=7110"},{"taxonomy":"post_tag","embeddable":true,"href":"https:\/\/szentistvan.dnyem.hu\/index.php?rest_route=%2Fwp%2Fv2%2Ftags&post=7110"}],"curies":[{"name":"wp","href":"https:\/\/api.w.org\/{rel}","templated":true}]}}