{"id":7108,"date":"2026-08-30T21:06:29","date_gmt":"2026-08-30T19:06:29","guid":{"rendered":"https:\/\/szentistvan.dnyem.hu\/?p=7108"},"modified":"2026-08-30T21:06:29","modified_gmt":"2026-08-30T19:06:29","slug":"elsopentek-3","status":"publish","type":"post","link":"https:\/\/szentistvan.dnyem.hu\/?p=7108","title":{"rendered":"Els\u0151p\u00e9ntek"},"content":{"rendered":"\n<p>Els\u0151p\u00e9nteken (szeptember 4-\u00e9n), a <a href=\"https:\/\/lexikon.katolikus.hu\/J\/J%C3%A9zus%20Sz%C3%ADve-tisztelet.html\">J\u00e9zus Sz\u00edve tisztelet<\/a> <a href=\"https:\/\/mariaszazada.hu\/jezus-szive-tisztelet\/\">napj\u00e1n<\/a> megl\u00e1togatjuk betegeinket, akik otthonukban akarj\u00e1k szentgy\u00f3n\u00e1sukat \u00e9s szent\u00e1ldoz\u00e1sukat elv\u00e9gezni. 17:30-kor \u00e9nekelj\u00fck a <a href=\"https:\/\/metropolita.hu\/2022\/09\/litania-jezus-szent-sziverol\/\">J\u00e9zus Sz\u00edve lit\u00e1ni\u00e1t<\/a>.<\/p>\n","protected":false},"excerpt":{"rendered":"<p>Els\u0151p\u00e9nteken (szeptember 4-\u00e9n), a J\u00e9zus Sz\u00edve tisztelet napj\u00e1n megl\u00e1togatjuk betegeinket, akik otthonukban akarj\u00e1k szentgy\u00f3n\u00e1sukat \u00e9s szent\u00e1ldoz\u00e1sukat elv\u00e9gezni. 17:30-kor \u00e9nekelj\u00fck a J\u00e9zus Sz\u00edve lit\u00e1ni\u00e1t.<\/p>\n","protected":false},"author":2,"featured_media":0,"comment_status":"closed","ping_status":"open","sticky":false,"template":"","format":"standard","meta":[],"categories":[1,9,2],"tags":[],"_links":{"self":[{"href":"https:\/\/szentistvan.dnyem.hu\/index.php?rest_route=\/wp\/v2\/posts\/7108"}],"collection":[{"href":"https:\/\/szentistvan.dnyem.hu\/index.php?rest_route=\/wp\/v2\/posts"}],"about":[{"href":"https:\/\/szentistvan.dnyem.hu\/index.php?rest_route=\/wp\/v2\/types\/post"}],"author":[{"embeddable":true,"href":"https:\/\/szentistvan.dnyem.hu\/index.php?rest_route=\/wp\/v2\/users\/2"}],"replies":[{"embeddable":true,"href":"https:\/\/szentistvan.dnyem.hu\/index.php?rest_route=%2Fwp%2Fv2%2Fcomments&post=7108"}],"version-history":[{"count":1,"href":"https:\/\/szentistvan.dnyem.hu\/index.php?rest_route=\/wp\/v2\/posts\/7108\/revisions"}],"predecessor-version":[{"id":7109,"href":"https:\/\/szentistvan.dnyem.hu\/index.php?rest_route=\/wp\/v2\/posts\/7108\/revisions\/7109"}],"wp:attachment":[{"href":"https:\/\/szentistvan.dnyem.hu\/index.php?rest_route=%2Fwp%2Fv2%2Fmedia&parent=7108"}],"wp:term":[{"taxonomy":"category","embeddable":true,"href":"https:\/\/szentistvan.dnyem.hu\/index.php?rest_route=%2Fwp%2Fv2%2Fcategories&post=7108"},{"taxonomy":"post_tag","embeddable":true,"href":"https:\/\/szentistvan.dnyem.hu\/index.php?rest_route=%2Fwp%2Fv2%2Ftags&post=7108"}],"curies":[{"name":"wp","href":"https:\/\/api.w.org\/{rel}","templated":true}]}}