{"id":7106,"date":"2026-08-30T21:04:04","date_gmt":"2026-08-30T19:04:04","guid":{"rendered":"https:\/\/szentistvan.dnyem.hu\/?p=7106"},"modified":"2026-08-30T21:04:04","modified_gmt":"2026-08-30T19:04:04","slug":"a-teremtesvedelem-vilagnapja-2","status":"publish","type":"post","link":"https:\/\/szentistvan.dnyem.hu\/?p=7106","title":{"rendered":"A teremt\u00e9sv\u00e9delem vil\u00e1gnapja"},"content":{"rendered":"\n<p><strong>Kedden, szeptember 1-\u00e9n<\/strong> tartjuk a <a href=\"https:\/\/igenaptar.katolikus.hu\/nap\/index.php?holnap=2024-09-01\">teremt\u00e9sv\u00e9delem vil\u00e1gnapj\u00e1t<\/a>. K\u00f6rnyezettudatos \u00e9letm\u00f3dunkkal enyh\u00edts\u00fck az \u00f6kol\u00f3giai v\u00e1ls\u00e1g el\u0151id\u00e9zte k\u00e1rokat!<\/p>\n","protected":false},"excerpt":{"rendered":"<p>Kedden, szeptember 1-\u00e9n tartjuk a teremt\u00e9sv\u00e9delem vil\u00e1gnapj\u00e1t. K\u00f6rnyezettudatos \u00e9letm\u00f3dunkkal enyh\u00edts\u00fck az \u00f6kol\u00f3giai v\u00e1ls\u00e1g el\u0151id\u00e9zte k\u00e1rokat!<\/p>\n","protected":false},"author":2,"featured_media":0,"comment_status":"closed","ping_status":"open","sticky":false,"template":"","format":"standard","meta":[],"categories":[1],"tags":[],"_links":{"self":[{"href":"https:\/\/szentistvan.dnyem.hu\/index.php?rest_route=\/wp\/v2\/posts\/7106"}],"collection":[{"href":"https:\/\/szentistvan.dnyem.hu\/index.php?rest_route=\/wp\/v2\/posts"}],"about":[{"href":"https:\/\/szentistvan.dnyem.hu\/index.php?rest_route=\/wp\/v2\/types\/post"}],"author":[{"embeddable":true,"href":"https:\/\/szentistvan.dnyem.hu\/index.php?rest_route=\/wp\/v2\/users\/2"}],"replies":[{"embeddable":true,"href":"https:\/\/szentistvan.dnyem.hu\/index.php?rest_route=%2Fwp%2Fv2%2Fcomments&post=7106"}],"version-history":[{"count":1,"href":"https:\/\/szentistvan.dnyem.hu\/index.php?rest_route=\/wp\/v2\/posts\/7106\/revisions"}],"predecessor-version":[{"id":7107,"href":"https:\/\/szentistvan.dnyem.hu\/index.php?rest_route=\/wp\/v2\/posts\/7106\/revisions\/7107"}],"wp:attachment":[{"href":"https:\/\/szentistvan.dnyem.hu\/index.php?rest_route=%2Fwp%2Fv2%2Fmedia&parent=7106"}],"wp:term":[{"taxonomy":"category","embeddable":true,"href":"https:\/\/szentistvan.dnyem.hu\/index.php?rest_route=%2Fwp%2Fv2%2Fcategories&post=7106"},{"taxonomy":"post_tag","embeddable":true,"href":"https:\/\/szentistvan.dnyem.hu\/index.php?rest_route=%2Fwp%2Fv2%2Ftags&post=7106"}],"curies":[{"name":"wp","href":"https:\/\/api.w.org\/{rel}","templated":true}]}}