{"id":704,"date":"2016-02-27T16:43:21","date_gmt":"2016-02-27T15:43:21","guid":{"rendered":"http:\/\/szentistvan.dnyem.hu\/?p=704"},"modified":"2016-02-27T16:49:30","modified_gmt":"2016-02-27T15:49:30","slug":"nagybojti-himnuszok-3-resz","status":"publish","type":"post","link":"https:\/\/szentistvan.dnyem.hu\/?p=704","title":{"rendered":"Nagyb\u00f6jti himnuszok (3. r\u00e9sz)"},"content":{"rendered":"<p>Aj\u00e1nl\u00e1s im\u00e1dkoz\u00e1sra vagy elm\u00e9lked\u00e9sre Egyh\u00e1zunk nagyb\u00f6jti t\u00e9m\u00e1j\u00fa himnuszk\u00f6lt\u00e9szet\u00e9b\u0151l:<\/p>\n<p>Megszentelt r\u00e9gi sz\u00e9p szok\u00e1s<br \/>\na b\u00f6jti megtart\u00f3ztat\u00e1s;<br \/>\ntartsuk meg \u00fajra gondosan,<br \/>\nmi negyven napra szabva van.<\/p>\n<p>M\u00f3zes \u00e9s a szent l\u00e1tnokok<br \/>\np\u00e9ld\u00e1ja m\u00e1r el\u00e9nk ragyog,<br \/>\ns Krisztus, ki \u00dar minden f\u00f6l\u00f6tt,<br \/>\nmag\u00e1ra vett ily b\u00f6jtid\u0151t.<\/p>\n<p>K\u00edm\u00e9l\u0151n sz\u00f3ljon h\u00e1t szavunk,<br \/>\nlegyen szeg\u00e9nyebb asztalunk,<br \/>\nne gy\u0151zz\u00f6n pajz\u00e1n tr\u00e9fas\u00e1g,<br \/>\nse \u00e1lmos, t\u00e9tlen lustas\u00e1g.<\/p>\n<p>Ker\u00fclj\u00fcnk minden v\u00e9tkeset,<br \/>\nsz\u00edv\u00fcnket rossz ne rontsa meg,<br \/>\nellens\u00e9g hogyha megk\u00eds\u00e9rt,<br \/>\nhit\u00fcnk a csapd\u00e1t z\u00fazza sz\u00e9t.<\/p>\n<p>Boldog H\u00e1roms\u00e1g, add meg ezt,<br \/>\nosztatlan Egys\u00e9g, tedd meg ezt,<br \/>\nnek\u00fcnk az \u00fcdv\u00f6s b\u00f6jtid\u0151<br \/>\nlegyen sok j\u00f3t gy\u00fcm\u00f6lcs\u00f6z\u0151. \u00c1men.<\/p>\n","protected":false},"excerpt":{"rendered":"<p>Aj\u00e1nl\u00e1s im\u00e1dkoz\u00e1sra vagy elm\u00e9lked\u00e9sre Egyh\u00e1zunk nagyb\u00f6jti t\u00e9m\u00e1j\u00fa himnuszk\u00f6lt\u00e9szet\u00e9b\u0151l: Megszentelt r\u00e9gi sz\u00e9p szok\u00e1s a b\u00f6jti megtart\u00f3ztat\u00e1s; tartsuk meg \u00fajra gondosan, mi negyven napra szabva van. M\u00f3zes&#8230;<\/p>\n","protected":false},"author":2,"featured_media":0,"comment_status":"closed","ping_status":"open","sticky":false,"template":"","format":"standard","meta":[],"categories":[1],"tags":[],"_links":{"self":[{"href":"https:\/\/szentistvan.dnyem.hu\/index.php?rest_route=\/wp\/v2\/posts\/704"}],"collection":[{"href":"https:\/\/szentistvan.dnyem.hu\/index.php?rest_route=\/wp\/v2\/posts"}],"about":[{"href":"https:\/\/szentistvan.dnyem.hu\/index.php?rest_route=\/wp\/v2\/types\/post"}],"author":[{"embeddable":true,"href":"https:\/\/szentistvan.dnyem.hu\/index.php?rest_route=\/wp\/v2\/users\/2"}],"replies":[{"embeddable":true,"href":"https:\/\/szentistvan.dnyem.hu\/index.php?rest_route=%2Fwp%2Fv2%2Fcomments&post=704"}],"version-history":[{"count":2,"href":"https:\/\/szentistvan.dnyem.hu\/index.php?rest_route=\/wp\/v2\/posts\/704\/revisions"}],"predecessor-version":[{"id":706,"href":"https:\/\/szentistvan.dnyem.hu\/index.php?rest_route=\/wp\/v2\/posts\/704\/revisions\/706"}],"wp:attachment":[{"href":"https:\/\/szentistvan.dnyem.hu\/index.php?rest_route=%2Fwp%2Fv2%2Fmedia&parent=704"}],"wp:term":[{"taxonomy":"category","embeddable":true,"href":"https:\/\/szentistvan.dnyem.hu\/index.php?rest_route=%2Fwp%2Fv2%2Fcategories&post=704"},{"taxonomy":"post_tag","embeddable":true,"href":"https:\/\/szentistvan.dnyem.hu\/index.php?rest_route=%2Fwp%2Fv2%2Ftags&post=704"}],"curies":[{"name":"wp","href":"https:\/\/api.w.org\/{rel}","templated":true}]}}