{"id":698,"date":"2016-02-27T16:37:08","date_gmt":"2016-02-27T15:37:08","guid":{"rendered":"http:\/\/szentistvan.dnyem.hu\/?p=698"},"modified":"2016-03-06T20:07:41","modified_gmt":"2016-03-06T19:07:41","slug":"a-betegek-kenetenek-kozossegi-felvetele","status":"publish","type":"post","link":"https:\/\/szentistvan.dnyem.hu\/?p=698","title":{"rendered":"A betegek kenet\u00e9nek k\u00f6z\u00f6ss\u00e9gi felv\u00e9tele"},"content":{"rendered":"<p><strong>Nagyb\u00f6jt 5. vas\u00e1rnapj\u00e1n, m\u00e1rcius 13-\u00e1n<\/strong>, lesz a betegek kenet\u00e9nek k\u00f6z\u00f6ss\u00e9gi felv\u00e9tele templomunkban.<\/p>\n<p>Azok a katolikusok k\u00e9rhetik e szents\u00e9get, <strong>akiknek betegs\u00e9g vagy \u00f6regs\u00e9g miatt az \u00e9let\u00fck vesz\u00e9lyeztetett<\/strong>, ha ez nem is jelent k\u00f6zvetlen \u00e9letvesz\u00e9lyt.<\/p>\n<p><strong>Aki m\u00e1r bet\u00f6lt\u00f6tte 60. \u00e9let\u00e9v\u00e9t \u00e9vente egyszer r\u00e9szes\u00fclhet a betegek szents\u00e9g\u00e9ben. <\/strong><\/p>\n<p><strong>A szents\u00e9ghez a kegyelem \u00e1llapot\u00e1ban j\u00e1rulhatunk<\/strong>, ez\u00e9rt szentgy\u00f3n\u00e1s elv\u00e9gz\u00e9s\u00e9t ne halogassuk.<\/p>\n","protected":false},"excerpt":{"rendered":"<p>Nagyb\u00f6jt 5. vas\u00e1rnapj\u00e1n, m\u00e1rcius 13-\u00e1n, lesz a betegek kenet\u00e9nek k\u00f6z\u00f6ss\u00e9gi felv\u00e9tele templomunkban. Azok a katolikusok k\u00e9rhetik e szents\u00e9get, akiknek betegs\u00e9g vagy \u00f6regs\u00e9g miatt az \u00e9let\u00fck&#8230;<\/p>\n","protected":false},"author":2,"featured_media":0,"comment_status":"closed","ping_status":"open","sticky":false,"template":"","format":"standard","meta":[],"categories":[2],"tags":[],"_links":{"self":[{"href":"https:\/\/szentistvan.dnyem.hu\/index.php?rest_route=\/wp\/v2\/posts\/698"}],"collection":[{"href":"https:\/\/szentistvan.dnyem.hu\/index.php?rest_route=\/wp\/v2\/posts"}],"about":[{"href":"https:\/\/szentistvan.dnyem.hu\/index.php?rest_route=\/wp\/v2\/types\/post"}],"author":[{"embeddable":true,"href":"https:\/\/szentistvan.dnyem.hu\/index.php?rest_route=\/wp\/v2\/users\/2"}],"replies":[{"embeddable":true,"href":"https:\/\/szentistvan.dnyem.hu\/index.php?rest_route=%2Fwp%2Fv2%2Fcomments&post=698"}],"version-history":[{"count":1,"href":"https:\/\/szentistvan.dnyem.hu\/index.php?rest_route=\/wp\/v2\/posts\/698\/revisions"}],"predecessor-version":[{"id":699,"href":"https:\/\/szentistvan.dnyem.hu\/index.php?rest_route=\/wp\/v2\/posts\/698\/revisions\/699"}],"wp:attachment":[{"href":"https:\/\/szentistvan.dnyem.hu\/index.php?rest_route=%2Fwp%2Fv2%2Fmedia&parent=698"}],"wp:term":[{"taxonomy":"category","embeddable":true,"href":"https:\/\/szentistvan.dnyem.hu\/index.php?rest_route=%2Fwp%2Fv2%2Fcategories&post=698"},{"taxonomy":"post_tag","embeddable":true,"href":"https:\/\/szentistvan.dnyem.hu\/index.php?rest_route=%2Fwp%2Fv2%2Ftags&post=698"}],"curies":[{"name":"wp","href":"https:\/\/api.w.org\/{rel}","templated":true}]}}