{"id":696,"date":"2016-02-27T16:34:26","date_gmt":"2016-02-27T15:34:26","guid":{"rendered":"http:\/\/szentistvan.dnyem.hu\/?p=696"},"modified":"2016-03-06T20:07:00","modified_gmt":"2016-03-06T19:07:00","slug":"gyermekdelutan-2","status":"publish","type":"post","link":"https:\/\/szentistvan.dnyem.hu\/?p=696","title":{"rendered":"Gyermekd\u00e9lut\u00e1n"},"content":{"rendered":"<p><strong>Kedves \u00c9desanya, \u00c9desapa \u00e9s Gyerekek!<\/strong><\/p>\n<p>Szeretettel megh\u00edvom az eg\u00e9sz csal\u00e1dot <strong>m\u00e1rc. 12-\u00e9n, szombaton<\/strong> gyermekd\u00e9lut\u00e1nra az Irgalmass\u00e1g Szent\u00e9v\u00e9nek jegy\u00e9ben, hogy egy\u00fctt l\u00e9pj\u00fck \u00e1t az irgalmass\u00e1g kapuj\u00e1t a Szent Anna Sz\u00e9kesegyh\u00e1zban.<\/p>\n<p><strong>A gy\u00fclekez\u0151 a pl\u00e9b\u00e1ni\u00e1n lesz. Innen 15.00-kor gyalog indulunk a legr\u00f6videbb \u00faton a Sz\u00e9kesegyh\u00e1zig.<\/strong> Oda-vissza \u00e9nekelni-im\u00e1dkozni fogunk. A r\u00f3zsaf\u00fcz\u00e9r\u00fcket a csal\u00e1dtagok hozz\u00e1k magukkal.<\/p>\n<p><strong>A Sz\u00e9kesegyh\u00e1zban tartunk egy r\u00f6vid \u00e1h\u00edtatot.<\/strong><\/p>\n<p><strong>Kb. 17.45-re \u00e9r\u00fcnk vissza.<\/strong><\/p>\n<p>Az eg\u00e9sz csal\u00e1dot nagyon h\u00edvom \u00e9s v\u00e1rom:<\/p>\n<p>Krakomperger Zolt\u00e1n<br \/>\npl\u00e9b\u00e1nos<\/p>\n","protected":false},"excerpt":{"rendered":"<p>Kedves \u00c9desanya, \u00c9desapa \u00e9s Gyerekek! Szeretettel megh\u00edvom az eg\u00e9sz csal\u00e1dot m\u00e1rc. 12-\u00e9n, szombaton gyermekd\u00e9lut\u00e1nra az Irgalmass\u00e1g Szent\u00e9v\u00e9nek jegy\u00e9ben, hogy egy\u00fctt l\u00e9pj\u00fck \u00e1t az irgalmass\u00e1g kapuj\u00e1t&#8230;<\/p>\n","protected":false},"author":2,"featured_media":0,"comment_status":"closed","ping_status":"open","sticky":false,"template":"","format":"standard","meta":[],"categories":[2],"tags":[],"_links":{"self":[{"href":"https:\/\/szentistvan.dnyem.hu\/index.php?rest_route=\/wp\/v2\/posts\/696"}],"collection":[{"href":"https:\/\/szentistvan.dnyem.hu\/index.php?rest_route=\/wp\/v2\/posts"}],"about":[{"href":"https:\/\/szentistvan.dnyem.hu\/index.php?rest_route=\/wp\/v2\/types\/post"}],"author":[{"embeddable":true,"href":"https:\/\/szentistvan.dnyem.hu\/index.php?rest_route=\/wp\/v2\/users\/2"}],"replies":[{"embeddable":true,"href":"https:\/\/szentistvan.dnyem.hu\/index.php?rest_route=%2Fwp%2Fv2%2Fcomments&post=696"}],"version-history":[{"count":2,"href":"https:\/\/szentistvan.dnyem.hu\/index.php?rest_route=\/wp\/v2\/posts\/696\/revisions"}],"predecessor-version":[{"id":711,"href":"https:\/\/szentistvan.dnyem.hu\/index.php?rest_route=\/wp\/v2\/posts\/696\/revisions\/711"}],"wp:attachment":[{"href":"https:\/\/szentistvan.dnyem.hu\/index.php?rest_route=%2Fwp%2Fv2%2Fmedia&parent=696"}],"wp:term":[{"taxonomy":"category","embeddable":true,"href":"https:\/\/szentistvan.dnyem.hu\/index.php?rest_route=%2Fwp%2Fv2%2Fcategories&post=696"},{"taxonomy":"post_tag","embeddable":true,"href":"https:\/\/szentistvan.dnyem.hu\/index.php?rest_route=%2Fwp%2Fv2%2Ftags&post=696"}],"curies":[{"name":"wp","href":"https:\/\/api.w.org\/{rel}","templated":true}]}}