{"id":694,"date":"2016-02-27T16:31:58","date_gmt":"2016-02-27T15:31:58","guid":{"rendered":"http:\/\/szentistvan.dnyem.hu\/?p=694"},"modified":"2016-03-06T20:06:05","modified_gmt":"2016-03-06T19:06:05","slug":"templomudvar-takaritasa","status":"publish","type":"post","link":"https:\/\/szentistvan.dnyem.hu\/?p=694","title":{"rendered":"Templomudvar takar\u00edt\u00e1sa"},"content":{"rendered":"<p>Templomudvar takar\u00edt\u00e1sa<\/p>\n<p><strong>j\u00f3 id\u0151 eset\u00e9n m\u00e1rcius 12-\u00e9n szombaton, reggel 8.00-t\u00f3l;<\/strong><\/p>\n<p>rossz id\u0151 eset\u00e9n elhalasztjuk m\u00e1rcius 19-re, a k\u00f6vetkez\u0151 szombatra.<\/p>\n<p>Gerebly\u00e9t, vill\u00e1t \u00e9s kapircsot hozzanak magukkal.<\/p>\n","protected":false},"excerpt":{"rendered":"<p>Templomudvar takar\u00edt\u00e1sa j\u00f3 id\u0151 eset\u00e9n m\u00e1rcius 12-\u00e9n szombaton, reggel 8.00-t\u00f3l; rossz id\u0151 eset\u00e9n elhalasztjuk m\u00e1rcius 19-re, a k\u00f6vetkez\u0151 szombatra. Gerebly\u00e9t, vill\u00e1t \u00e9s kapircsot hozzanak magukkal.<\/p>\n","protected":false},"author":2,"featured_media":0,"comment_status":"closed","ping_status":"open","sticky":false,"template":"","format":"standard","meta":[],"categories":[2],"tags":[],"_links":{"self":[{"href":"https:\/\/szentistvan.dnyem.hu\/index.php?rest_route=\/wp\/v2\/posts\/694"}],"collection":[{"href":"https:\/\/szentistvan.dnyem.hu\/index.php?rest_route=\/wp\/v2\/posts"}],"about":[{"href":"https:\/\/szentistvan.dnyem.hu\/index.php?rest_route=\/wp\/v2\/types\/post"}],"author":[{"embeddable":true,"href":"https:\/\/szentistvan.dnyem.hu\/index.php?rest_route=\/wp\/v2\/users\/2"}],"replies":[{"embeddable":true,"href":"https:\/\/szentistvan.dnyem.hu\/index.php?rest_route=%2Fwp%2Fv2%2Fcomments&post=694"}],"version-history":[{"count":2,"href":"https:\/\/szentistvan.dnyem.hu\/index.php?rest_route=\/wp\/v2\/posts\/694\/revisions"}],"predecessor-version":[{"id":710,"href":"https:\/\/szentistvan.dnyem.hu\/index.php?rest_route=\/wp\/v2\/posts\/694\/revisions\/710"}],"wp:attachment":[{"href":"https:\/\/szentistvan.dnyem.hu\/index.php?rest_route=%2Fwp%2Fv2%2Fmedia&parent=694"}],"wp:term":[{"taxonomy":"category","embeddable":true,"href":"https:\/\/szentistvan.dnyem.hu\/index.php?rest_route=%2Fwp%2Fv2%2Fcategories&post=694"},{"taxonomy":"post_tag","embeddable":true,"href":"https:\/\/szentistvan.dnyem.hu\/index.php?rest_route=%2Fwp%2Fv2%2Ftags&post=694"}],"curies":[{"name":"wp","href":"https:\/\/api.w.org\/{rel}","templated":true}]}}