{"id":692,"date":"2016-02-27T16:29:43","date_gmt":"2016-02-27T15:29:43","guid":{"rendered":"http:\/\/szentistvan.dnyem.hu\/?p=692"},"modified":"2016-03-06T20:05:03","modified_gmt":"2016-03-06T19:05:03","slug":"nagybojti-bunbanati-liturgia","status":"publish","type":"post","link":"https:\/\/szentistvan.dnyem.hu\/?p=692","title":{"rendered":"Nagyb\u00f6jti b\u0171nb\u00e1nati liturgia"},"content":{"rendered":"<p>Nagyb\u00f6jti b\u0171nb\u00e1nati liturgi\u00e1t tartunk<\/p>\n<p><strong>m\u00e1rcius 11-\u00e9n, p\u00e9nteken 17.30-t\u00f3l,<\/strong><\/p>\n<p>amelyen t\u00f6bb gy\u00f3ntat\u00f3 pap \u00e1ll a h\u00edvek rendelkez\u00e9s\u00e9re.<\/p>\n","protected":false},"excerpt":{"rendered":"<p>Nagyb\u00f6jti b\u0171nb\u00e1nati liturgi\u00e1t tartunk m\u00e1rcius 11-\u00e9n, p\u00e9nteken 17.30-t\u00f3l, amelyen t\u00f6bb gy\u00f3ntat\u00f3 pap \u00e1ll a h\u00edvek rendelkez\u00e9s\u00e9re.<\/p>\n","protected":false},"author":2,"featured_media":0,"comment_status":"closed","ping_status":"open","sticky":false,"template":"","format":"standard","meta":[],"categories":[2],"tags":[],"_links":{"self":[{"href":"https:\/\/szentistvan.dnyem.hu\/index.php?rest_route=\/wp\/v2\/posts\/692"}],"collection":[{"href":"https:\/\/szentistvan.dnyem.hu\/index.php?rest_route=\/wp\/v2\/posts"}],"about":[{"href":"https:\/\/szentistvan.dnyem.hu\/index.php?rest_route=\/wp\/v2\/types\/post"}],"author":[{"embeddable":true,"href":"https:\/\/szentistvan.dnyem.hu\/index.php?rest_route=\/wp\/v2\/users\/2"}],"replies":[{"embeddable":true,"href":"https:\/\/szentistvan.dnyem.hu\/index.php?rest_route=%2Fwp%2Fv2%2Fcomments&post=692"}],"version-history":[{"count":2,"href":"https:\/\/szentistvan.dnyem.hu\/index.php?rest_route=\/wp\/v2\/posts\/692\/revisions"}],"predecessor-version":[{"id":709,"href":"https:\/\/szentistvan.dnyem.hu\/index.php?rest_route=\/wp\/v2\/posts\/692\/revisions\/709"}],"wp:attachment":[{"href":"https:\/\/szentistvan.dnyem.hu\/index.php?rest_route=%2Fwp%2Fv2%2Fmedia&parent=692"}],"wp:term":[{"taxonomy":"category","embeddable":true,"href":"https:\/\/szentistvan.dnyem.hu\/index.php?rest_route=%2Fwp%2Fv2%2Fcategories&post=692"},{"taxonomy":"post_tag","embeddable":true,"href":"https:\/\/szentistvan.dnyem.hu\/index.php?rest_route=%2Fwp%2Fv2%2Ftags&post=692"}],"curies":[{"name":"wp","href":"https:\/\/api.w.org\/{rel}","templated":true}]}}