{"id":6904,"date":"2026-04-26T16:32:56","date_gmt":"2026-04-26T14:32:56","guid":{"rendered":"https:\/\/szentistvan.dnyem.hu\/?p=6904"},"modified":"2026-04-26T16:32:56","modified_gmt":"2026-04-26T14:32:56","slug":"egyhazmegyei-csalad-expo-2","status":"publish","type":"post","link":"https:\/\/szentistvan.dnyem.hu\/?p=6904","title":{"rendered":"Egyh\u00e1zmegyei Csal\u00e1d Exp\u00f3"},"content":{"rendered":"\n<p><strong>\u00c1prilis 2-\u00e1n (szombaton)<\/strong> Egyh\u00e1zmegyei Csal\u00e1d Exp\u00f3ra v\u00e1rj\u00e1k a csal\u00e1dokat \u00e9s a csal\u00e1dokat seg\u00edteni k\u00edv\u00e1n\u00f3 h\u00edveket <strong>G\u00e1vavencsell\u0151n a Nagyboldogasszony Pl\u00e9b\u00e1ni\u00e1n.<\/strong> Lesz szalonnas\u00fct\u00e9s, k\u00f6tetlen besz\u00e9lget\u00e9s, j\u00e1t\u00e9k, k\u00f6z\u00f6s \u00e9nekl\u00e9s \u00e9s im\u00e1ds\u00e1g. <\/p>\n\n\n\n<p><strong>Jelentkezni \u00e9s \u00e9rdekl\u0151dni lehet vagy a dnyem.csaladpasztoracio@gmail.com email c\u00edmen, vagy a 06 30 508 7860-as telefonsz\u00e1mon, vagy <a href=\"https:\/\/dnyem.hu\/2026\/04\/24\/egyhazmegyei-csalad-expo-6-2026-majus-2\/\" target=\"_blank\" rel=\"noreferrer noopener\">az egyh\u00e1zmegyei honlapon<\/a>, vagy a saj\u00e1t levelez\u0151list\u00e1n\/facebook oldalon is k\u00f6zz\u00e9tett elektronikus \u0171rlapon.<\/strong><\/p>\n","protected":false},"excerpt":{"rendered":"<p>\u00c1prilis 2-\u00e1n (szombaton) Egyh\u00e1zmegyei Csal\u00e1d Exp\u00f3ra v\u00e1rj\u00e1k a csal\u00e1dokat \u00e9s a csal\u00e1dokat seg\u00edteni k\u00edv\u00e1n\u00f3 h\u00edveket G\u00e1vavencsell\u0151n a Nagyboldogasszony Pl\u00e9b\u00e1ni\u00e1n. Lesz szalonnas\u00fct\u00e9s, k\u00f6tetlen besz\u00e9lget\u00e9s, j\u00e1t\u00e9k, k\u00f6z\u00f6s&#8230;<\/p>\n","protected":false},"author":2,"featured_media":0,"comment_status":"closed","ping_status":"open","sticky":false,"template":"","format":"standard","meta":[],"categories":[1,2],"tags":[],"_links":{"self":[{"href":"https:\/\/szentistvan.dnyem.hu\/index.php?rest_route=\/wp\/v2\/posts\/6904"}],"collection":[{"href":"https:\/\/szentistvan.dnyem.hu\/index.php?rest_route=\/wp\/v2\/posts"}],"about":[{"href":"https:\/\/szentistvan.dnyem.hu\/index.php?rest_route=\/wp\/v2\/types\/post"}],"author":[{"embeddable":true,"href":"https:\/\/szentistvan.dnyem.hu\/index.php?rest_route=\/wp\/v2\/users\/2"}],"replies":[{"embeddable":true,"href":"https:\/\/szentistvan.dnyem.hu\/index.php?rest_route=%2Fwp%2Fv2%2Fcomments&post=6904"}],"version-history":[{"count":1,"href":"https:\/\/szentistvan.dnyem.hu\/index.php?rest_route=\/wp\/v2\/posts\/6904\/revisions"}],"predecessor-version":[{"id":6905,"href":"https:\/\/szentistvan.dnyem.hu\/index.php?rest_route=\/wp\/v2\/posts\/6904\/revisions\/6905"}],"wp:attachment":[{"href":"https:\/\/szentistvan.dnyem.hu\/index.php?rest_route=%2Fwp%2Fv2%2Fmedia&parent=6904"}],"wp:term":[{"taxonomy":"category","embeddable":true,"href":"https:\/\/szentistvan.dnyem.hu\/index.php?rest_route=%2Fwp%2Fv2%2Fcategories&post=6904"},{"taxonomy":"post_tag","embeddable":true,"href":"https:\/\/szentistvan.dnyem.hu\/index.php?rest_route=%2Fwp%2Fv2%2Ftags&post=6904"}],"curies":[{"name":"wp","href":"https:\/\/api.w.org\/{rel}","templated":true}]}}