{"id":6900,"date":"2026-04-26T16:27:38","date_gmt":"2026-04-26T14:27:38","guid":{"rendered":"https:\/\/szentistvan.dnyem.hu\/?p=6900"},"modified":"2026-04-26T16:27:38","modified_gmt":"2026-04-26T14:27:38","slug":"idosek-akademiaja-7","status":"publish","type":"post","link":"https:\/\/szentistvan.dnyem.hu\/?p=6900","title":{"rendered":"Id\u0151sek Akad\u00e9mi\u00e1ja"},"content":{"rendered":"\n<p><strong>\u00c1prilis 30-\u00e1n (cs\u00fct\u00f6rt\u00f6k\u00f6n) 9:00-t\u0151l kezd\u0151dik az Id\u0151sek Akad\u00e9mi\u00e1ja a sz\u00e9kesegyh\u00e1z 5. term\u00e9ben.<\/strong><\/p>\n","protected":false},"excerpt":{"rendered":"<p>\u00c1prilis 30-\u00e1n (cs\u00fct\u00f6rt\u00f6k\u00f6n) 9:00-t\u0151l kezd\u0151dik az Id\u0151sek Akad\u00e9mi\u00e1ja a sz\u00e9kesegyh\u00e1z 5. term\u00e9ben.<\/p>\n","protected":false},"author":2,"featured_media":0,"comment_status":"closed","ping_status":"open","sticky":false,"template":"","format":"standard","meta":[],"categories":[2],"tags":[],"_links":{"self":[{"href":"https:\/\/szentistvan.dnyem.hu\/index.php?rest_route=\/wp\/v2\/posts\/6900"}],"collection":[{"href":"https:\/\/szentistvan.dnyem.hu\/index.php?rest_route=\/wp\/v2\/posts"}],"about":[{"href":"https:\/\/szentistvan.dnyem.hu\/index.php?rest_route=\/wp\/v2\/types\/post"}],"author":[{"embeddable":true,"href":"https:\/\/szentistvan.dnyem.hu\/index.php?rest_route=\/wp\/v2\/users\/2"}],"replies":[{"embeddable":true,"href":"https:\/\/szentistvan.dnyem.hu\/index.php?rest_route=%2Fwp%2Fv2%2Fcomments&post=6900"}],"version-history":[{"count":1,"href":"https:\/\/szentistvan.dnyem.hu\/index.php?rest_route=\/wp\/v2\/posts\/6900\/revisions"}],"predecessor-version":[{"id":6901,"href":"https:\/\/szentistvan.dnyem.hu\/index.php?rest_route=\/wp\/v2\/posts\/6900\/revisions\/6901"}],"wp:attachment":[{"href":"https:\/\/szentistvan.dnyem.hu\/index.php?rest_route=%2Fwp%2Fv2%2Fmedia&parent=6900"}],"wp:term":[{"taxonomy":"category","embeddable":true,"href":"https:\/\/szentistvan.dnyem.hu\/index.php?rest_route=%2Fwp%2Fv2%2Fcategories&post=6900"},{"taxonomy":"post_tag","embeddable":true,"href":"https:\/\/szentistvan.dnyem.hu\/index.php?rest_route=%2Fwp%2Fv2%2Ftags&post=6900"}],"curies":[{"name":"wp","href":"https:\/\/api.w.org\/{rel}","templated":true}]}}