{"id":6886,"date":"2026-04-22T23:10:07","date_gmt":"2026-04-22T21:10:07","guid":{"rendered":"https:\/\/szentistvan.dnyem.hu\/?p=6886"},"modified":"2026-04-26T16:35:00","modified_gmt":"2026-04-26T14:35:00","slug":"szja-11","status":"publish","type":"post","link":"https:\/\/szentistvan.dnyem.hu\/?p=6886","title":{"rendered":"SZJA 1+1%"},"content":{"rendered":"\n<p>A szem\u00e9lyi j\u00f6vedelemad\u00f3 bevall\u00e1s\u00e1nak id\u0151szak\u00e1ban az 1%-os rendelkez\u00e9sekre h\u00edvjuk fel a Kedves Testv\u00e9rek figyelm\u00e9t. <\/p>\n\n\n\n<p>A <strong>technikai sz\u00e1m<\/strong>ra vonatkoz\u00f3 el\u0151z\u0151 \u00e9vi rendelkez\u00e9s (<strong>0011 &#8211; Magyar Katolikus Egyh\u00e1z<\/strong>) visszavon\u00e1sig \u00e9rv\u00e9nyben van, a m\u00e1sodik 1%-r\u00f3l viszont minden \u00e9vben \u00fajra kell nyilatkoznunk.<br>A m\u00e1sodik 1% kedvezm\u00e9nyezettjek\u00e9nt aj\u00e1nlom figyelm\u00fckbe a <strong>Debreceni Szent Istv\u00e1n Egyh\u00e1zk\u00f6zs\u00e9g\u00e9rt Alap\u00edtv\u00e1nyt, melynek ad\u00f3sz\u00e1ma: 18549971\u20131\u201309<\/strong><\/p>\n","protected":false},"excerpt":{"rendered":"<p>A szem\u00e9lyi j\u00f6vedelemad\u00f3 bevall\u00e1s\u00e1nak id\u0151szak\u00e1ban az 1%-os rendelkez\u00e9sekre h\u00edvjuk fel a Kedves Testv\u00e9rek figyelm\u00e9t. A technikai sz\u00e1mra vonatkoz\u00f3 el\u0151z\u0151 \u00e9vi rendelkez\u00e9s (0011 &#8211; Magyar Katolikus&#8230;<\/p>\n","protected":false},"author":2,"featured_media":0,"comment_status":"closed","ping_status":"open","sticky":false,"template":"","format":"standard","meta":[],"categories":[1],"tags":[],"_links":{"self":[{"href":"https:\/\/szentistvan.dnyem.hu\/index.php?rest_route=\/wp\/v2\/posts\/6886"}],"collection":[{"href":"https:\/\/szentistvan.dnyem.hu\/index.php?rest_route=\/wp\/v2\/posts"}],"about":[{"href":"https:\/\/szentistvan.dnyem.hu\/index.php?rest_route=\/wp\/v2\/types\/post"}],"author":[{"embeddable":true,"href":"https:\/\/szentistvan.dnyem.hu\/index.php?rest_route=\/wp\/v2\/users\/2"}],"replies":[{"embeddable":true,"href":"https:\/\/szentistvan.dnyem.hu\/index.php?rest_route=%2Fwp%2Fv2%2Fcomments&post=6886"}],"version-history":[{"count":2,"href":"https:\/\/szentistvan.dnyem.hu\/index.php?rest_route=\/wp\/v2\/posts\/6886\/revisions"}],"predecessor-version":[{"id":6907,"href":"https:\/\/szentistvan.dnyem.hu\/index.php?rest_route=\/wp\/v2\/posts\/6886\/revisions\/6907"}],"wp:attachment":[{"href":"https:\/\/szentistvan.dnyem.hu\/index.php?rest_route=%2Fwp%2Fv2%2Fmedia&parent=6886"}],"wp:term":[{"taxonomy":"category","embeddable":true,"href":"https:\/\/szentistvan.dnyem.hu\/index.php?rest_route=%2Fwp%2Fv2%2Fcategories&post=6886"},{"taxonomy":"post_tag","embeddable":true,"href":"https:\/\/szentistvan.dnyem.hu\/index.php?rest_route=%2Fwp%2Fv2%2Ftags&post=6886"}],"curies":[{"name":"wp","href":"https:\/\/api.w.org\/{rel}","templated":true}]}}