{"id":6884,"date":"2026-04-22T23:08:12","date_gmt":"2026-04-22T21:08:12","guid":{"rendered":"https:\/\/szentistvan.dnyem.hu\/?p=6884"},"modified":"2026-04-26T16:34:01","modified_gmt":"2026-04-26T14:34:01","slug":"egyhazmegyei-katolikus-bal","status":"publish","type":"post","link":"https:\/\/szentistvan.dnyem.hu\/?p=6884","title":{"rendered":"Egyh\u00e1zmegyei katolikus b\u00e1l"},"content":{"rendered":"\n<p><strong>M\u00e1jus 15-\u00e9n (p\u00e9nteken) 19:00 \u00f3r\u00e1t\u00f3l lesz az <a href=\"https:\/\/dnyem.hu\/2026\/04\/16\/egyhazmegyei-bal-2025-majus-15\/\" target=\"_blank\" rel=\"noreferrer noopener\">egyh\u00e1zmegyei katolikus b\u00e1l<\/a> a K\u00f6lcsey K\u00f6zpontban. <\/strong><\/p>\n\n\n\n<p>A sv\u00e9dasztalos vacsor\u00e1t is mag\u00e1ban foglal\u00f3 jegyek v\u00e1lthat\u00f3k 15 ezer Ft-\u00e9rt, gyermekeknek 10 \u00e9ves korig 7500,-Ft-\u00e9rt a pl\u00e9b\u00e1ni\u00e1kon, vagy az egyh\u00e1zmegye \u00e1ltal fenntartott int\u00e9zm\u00e9nyekben, vagy a P\u00fcsp\u00f6ki Hivatalban B\u0171te Anit\u00e1n\u00e1l. A b\u00e1lra asztalt lehet foglalni. <\/p>\n\n\n\n<p>\u00c9rezz\u00fck magunk\u00e9nak a b\u00e1lt, \u00e9s vegy\u00fcnk rajta r\u00e9szt min\u00e9l t\u00f6bben!<\/p>\n\n\n\n<p>Ha valaki szeretne tombolafelaj\u00e1nl\u00e1st tenni, akkor keresse Kov\u00e1cs Istv\u00e1n igazgat\u00f3 urat (kovacs.istvan@dnyem.hu).<\/p>\n\n\n\n<p>B\u0151vebb inform\u00e1ci\u00f3 a rendezveny@dnyem.hu c\u00edmen k\u00e9rhet\u0151.<\/p>\n","protected":false},"excerpt":{"rendered":"<p>M\u00e1jus 15-\u00e9n (p\u00e9nteken) 19:00 \u00f3r\u00e1t\u00f3l lesz az egyh\u00e1zmegyei katolikus b\u00e1l a K\u00f6lcsey K\u00f6zpontban. A sv\u00e9dasztalos vacsor\u00e1t is mag\u00e1ban foglal\u00f3 jegyek v\u00e1lthat\u00f3k 15 ezer Ft-\u00e9rt, gyermekeknek&#8230;<\/p>\n","protected":false},"author":2,"featured_media":0,"comment_status":"closed","ping_status":"open","sticky":false,"template":"","format":"standard","meta":[],"categories":[2],"tags":[],"_links":{"self":[{"href":"https:\/\/szentistvan.dnyem.hu\/index.php?rest_route=\/wp\/v2\/posts\/6884"}],"collection":[{"href":"https:\/\/szentistvan.dnyem.hu\/index.php?rest_route=\/wp\/v2\/posts"}],"about":[{"href":"https:\/\/szentistvan.dnyem.hu\/index.php?rest_route=\/wp\/v2\/types\/post"}],"author":[{"embeddable":true,"href":"https:\/\/szentistvan.dnyem.hu\/index.php?rest_route=\/wp\/v2\/users\/2"}],"replies":[{"embeddable":true,"href":"https:\/\/szentistvan.dnyem.hu\/index.php?rest_route=%2Fwp%2Fv2%2Fcomments&post=6884"}],"version-history":[{"count":3,"href":"https:\/\/szentistvan.dnyem.hu\/index.php?rest_route=\/wp\/v2\/posts\/6884\/revisions"}],"predecessor-version":[{"id":6906,"href":"https:\/\/szentistvan.dnyem.hu\/index.php?rest_route=\/wp\/v2\/posts\/6884\/revisions\/6906"}],"wp:attachment":[{"href":"https:\/\/szentistvan.dnyem.hu\/index.php?rest_route=%2Fwp%2Fv2%2Fmedia&parent=6884"}],"wp:term":[{"taxonomy":"category","embeddable":true,"href":"https:\/\/szentistvan.dnyem.hu\/index.php?rest_route=%2Fwp%2Fv2%2Fcategories&post=6884"},{"taxonomy":"post_tag","embeddable":true,"href":"https:\/\/szentistvan.dnyem.hu\/index.php?rest_route=%2Fwp%2Fv2%2Ftags&post=6884"}],"curies":[{"name":"wp","href":"https:\/\/api.w.org\/{rel}","templated":true}]}}