{"id":6882,"date":"2026-04-22T23:05:14","date_gmt":"2026-04-22T21:05:14","guid":{"rendered":"https:\/\/szentistvan.dnyem.hu\/?p=6882"},"modified":"2026-04-26T16:17:53","modified_gmt":"2026-04-26T14:17:53","slug":"jo-pasztor-vasarnapja-3","status":"publish","type":"post","link":"https:\/\/szentistvan.dnyem.hu\/?p=6882","title":{"rendered":"J\u00f3 P\u00e1sztor vas\u00e1rnapja"},"content":{"rendered":"\n<p>\u00c1prilis 26. h\u00fasv\u00e9t 4. vas\u00e1rnapja, <a href=\"https:\/\/www.magyarkurir.hu\/hirek\/a-jo-pasztor-utat-mutat\">J\u00f3 P\u00e1sztor vas\u00e1rnapja<\/a>, <a rel=\"noreferrer noopener\" href=\"https:\/\/igenaptar.katolikus.hu\/2025\/nap\/index.php?holnap=2025-05-11\" target=\"_blank\">k\u00f6ny\u00f6rg\u0151nap papi hivat\u00e1sok\u00e9rt<\/a> \u00e9s j\u00f3 term\u00e9s\u00e9rt (<a rel=\"noreferrer noopener\" href=\"https:\/\/kattima.hu\/hu\/app\/pray\/buzaszenteles-litaniae-maiores-26167\" target=\"_blank\">b\u00fazaszentel\u00e9s<\/a>).<\/p>\n\n\n\n<p>Azok a fiatalok, akik Isten paps\u00e1gra h\u00edv\u00f3 szav\u00e1t felismert\u00e9k \u00f6nmagukban, \u00e9s a Debrecen-Ny\u00edregyh\u00e1zi Egyh\u00e1zmegy\u00e9ben szeretn\u00e9nek papk\u00e9nt szolg\u00e1lni, k\u00fcldj\u00e9k be jelentkez\u00e9s\u00fcket m\u00e1jus 31-ig a P\u00fcsp\u00f6ki Hivatalba. B\u0151vebb t\u00e1j\u00e9koztat\u00e1st a lelkiaty\u00e1kt\u00f3l k\u00e9rhetnek.<\/p>\n","protected":false},"excerpt":{"rendered":"<p>\u00c1prilis 26. h\u00fasv\u00e9t 4. vas\u00e1rnapja, J\u00f3 P\u00e1sztor vas\u00e1rnapja, k\u00f6ny\u00f6rg\u0151nap papi hivat\u00e1sok\u00e9rt \u00e9s j\u00f3 term\u00e9s\u00e9rt (b\u00fazaszentel\u00e9s). Azok a fiatalok, akik Isten paps\u00e1gra h\u00edv\u00f3 szav\u00e1t felismert\u00e9k \u00f6nmagukban,&#8230;<\/p>\n","protected":false},"author":2,"featured_media":0,"comment_status":"closed","ping_status":"open","sticky":false,"template":"","format":"standard","meta":[],"categories":[1,9,2],"tags":[],"_links":{"self":[{"href":"https:\/\/szentistvan.dnyem.hu\/index.php?rest_route=\/wp\/v2\/posts\/6882"}],"collection":[{"href":"https:\/\/szentistvan.dnyem.hu\/index.php?rest_route=\/wp\/v2\/posts"}],"about":[{"href":"https:\/\/szentistvan.dnyem.hu\/index.php?rest_route=\/wp\/v2\/types\/post"}],"author":[{"embeddable":true,"href":"https:\/\/szentistvan.dnyem.hu\/index.php?rest_route=\/wp\/v2\/users\/2"}],"replies":[{"embeddable":true,"href":"https:\/\/szentistvan.dnyem.hu\/index.php?rest_route=%2Fwp%2Fv2%2Fcomments&post=6882"}],"version-history":[{"count":2,"href":"https:\/\/szentistvan.dnyem.hu\/index.php?rest_route=\/wp\/v2\/posts\/6882\/revisions"}],"predecessor-version":[{"id":6897,"href":"https:\/\/szentistvan.dnyem.hu\/index.php?rest_route=\/wp\/v2\/posts\/6882\/revisions\/6897"}],"wp:attachment":[{"href":"https:\/\/szentistvan.dnyem.hu\/index.php?rest_route=%2Fwp%2Fv2%2Fmedia&parent=6882"}],"wp:term":[{"taxonomy":"category","embeddable":true,"href":"https:\/\/szentistvan.dnyem.hu\/index.php?rest_route=%2Fwp%2Fv2%2Fcategories&post=6882"},{"taxonomy":"post_tag","embeddable":true,"href":"https:\/\/szentistvan.dnyem.hu\/index.php?rest_route=%2Fwp%2Fv2%2Ftags&post=6882"}],"curies":[{"name":"wp","href":"https:\/\/api.w.org\/{rel}","templated":true}]}}