{"id":687,"date":"2016-02-21T14:27:43","date_gmt":"2016-02-21T13:27:43","guid":{"rendered":"http:\/\/szentistvan.dnyem.hu\/?p=687"},"modified":"2016-02-21T14:27:43","modified_gmt":"2016-02-21T13:27:43","slug":"gyujtes-a-szentsir-viragaira","status":"publish","type":"post","link":"https:\/\/szentistvan.dnyem.hu\/?p=687","title":{"rendered":"Gy\u0171jt\u00e9s a szents\u00edr vir\u00e1gaira"},"content":{"rendered":"<p>A gy\u0171jt\u00e9st a szents\u00edr vir\u00e1gaira elkezdj\u00fck.<\/p>\n<p><strong>Az adom\u00e1nyokat a k\u00fcl\u00f6n erre a c\u00e9lra k\u00e9sz\u00edtett perselybe<\/strong> k\u00e9rj\u00fck elhelyezni.<\/p>\n","protected":false},"excerpt":{"rendered":"<p>A gy\u0171jt\u00e9st a szents\u00edr vir\u00e1gaira elkezdj\u00fck. Az adom\u00e1nyokat a k\u00fcl\u00f6n erre a c\u00e9lra k\u00e9sz\u00edtett perselybe k\u00e9rj\u00fck elhelyezni.<\/p>\n","protected":false},"author":2,"featured_media":0,"comment_status":"closed","ping_status":"open","sticky":false,"template":"","format":"standard","meta":[],"categories":[1],"tags":[],"_links":{"self":[{"href":"https:\/\/szentistvan.dnyem.hu\/index.php?rest_route=\/wp\/v2\/posts\/687"}],"collection":[{"href":"https:\/\/szentistvan.dnyem.hu\/index.php?rest_route=\/wp\/v2\/posts"}],"about":[{"href":"https:\/\/szentistvan.dnyem.hu\/index.php?rest_route=\/wp\/v2\/types\/post"}],"author":[{"embeddable":true,"href":"https:\/\/szentistvan.dnyem.hu\/index.php?rest_route=\/wp\/v2\/users\/2"}],"replies":[{"embeddable":true,"href":"https:\/\/szentistvan.dnyem.hu\/index.php?rest_route=%2Fwp%2Fv2%2Fcomments&post=687"}],"version-history":[{"count":1,"href":"https:\/\/szentistvan.dnyem.hu\/index.php?rest_route=\/wp\/v2\/posts\/687\/revisions"}],"predecessor-version":[{"id":688,"href":"https:\/\/szentistvan.dnyem.hu\/index.php?rest_route=\/wp\/v2\/posts\/687\/revisions\/688"}],"wp:attachment":[{"href":"https:\/\/szentistvan.dnyem.hu\/index.php?rest_route=%2Fwp%2Fv2%2Fmedia&parent=687"}],"wp:term":[{"taxonomy":"category","embeddable":true,"href":"https:\/\/szentistvan.dnyem.hu\/index.php?rest_route=%2Fwp%2Fv2%2Fcategories&post=687"},{"taxonomy":"post_tag","embeddable":true,"href":"https:\/\/szentistvan.dnyem.hu\/index.php?rest_route=%2Fwp%2Fv2%2Ftags&post=687"}],"curies":[{"name":"wp","href":"https:\/\/api.w.org\/{rel}","templated":true}]}}