{"id":685,"date":"2016-02-21T14:26:31","date_gmt":"2016-02-21T13:26:31","guid":{"rendered":"http:\/\/szentistvan.dnyem.hu\/?p=685"},"modified":"2016-11-15T10:07:44","modified_gmt":"2016-11-15T08:07:44","slug":"nagybojti-tartoselelmiszer-gyujtes","status":"publish","type":"post","link":"https:\/\/szentistvan.dnyem.hu\/?p=685","title":{"rendered":"Nagyb\u00f6jti tart\u00f3s\u00e9lelmiszer-gy\u0171jt\u00e9s"},"content":{"rendered":"<p>A Magyar Katolikus P\u00fcsp\u00f6ki Kar meghirdeti az imm\u00e1r hagyom\u00e1nny\u00e1 v\u00e1lt nagyb\u00f6jti tart\u00f3s\u00e9lelmiszer-gy\u0171jt\u00e9st.<\/p>\n<p><strong>Ezzel egy \u0151segyh\u00e1zi hagyom\u00e1nyt eleven\u00edt\u00fcnk fel<\/strong>, hiszen az els\u0151 sz\u00e1zad kereszt\u00e9nyei a keny\u00e9rt\u00f6r\u00e9sre hozt\u00e1k magukkal a szeg\u00e9nyeknek sz\u00e1nt adom\u00e1nyaikat.<\/p>\n<p>Az \u0151 p\u00e9ld\u00e1jukat k\u00f6vetve, <strong>k\u00e9rj\u00fck, m\u00e1rcius 15-ig hozz\u00e1k el a vas\u00e1rnapi \u00e9s a h\u00e9tk\u00f6znapi szentmis\u00e9kre tart\u00f3s\u00e9lelmiszer-felaj\u00e1nl\u00e1sukat \u00e9s tegy\u00e9k a templomban erre kijel\u00f6lt helyre.<\/strong><\/p>\n<p><strong>Telefonos adom\u00e1nyvonalon<\/strong> is bekapcsol\u00f3dhatunk a karit\u00e1sz munk\u00e1j\u00e1ba. Ha h\u00edvjuk<strong> a 1356-os telefonsz\u00e1mot, h\u00edv\u00e1sonk\u00e9nt 500 forinttal<\/strong> seg\u00edt\u00fcnk.<\/p>\n","protected":false},"excerpt":{"rendered":"<p>A Magyar Katolikus P\u00fcsp\u00f6ki Kar meghirdeti az imm\u00e1r hagyom\u00e1nny\u00e1 v\u00e1lt nagyb\u00f6jti tart\u00f3s\u00e9lelmiszer-gy\u0171jt\u00e9st. Ezzel egy \u0151segyh\u00e1zi hagyom\u00e1nyt eleven\u00edt\u00fcnk fel, hiszen az els\u0151 sz\u00e1zad kereszt\u00e9nyei a keny\u00e9rt\u00f6r\u00e9sre&#8230;<\/p>\n","protected":false},"author":2,"featured_media":0,"comment_status":"closed","ping_status":"open","sticky":false,"template":"","format":"standard","meta":[],"categories":[1,7],"tags":[],"_links":{"self":[{"href":"https:\/\/szentistvan.dnyem.hu\/index.php?rest_route=\/wp\/v2\/posts\/685"}],"collection":[{"href":"https:\/\/szentistvan.dnyem.hu\/index.php?rest_route=\/wp\/v2\/posts"}],"about":[{"href":"https:\/\/szentistvan.dnyem.hu\/index.php?rest_route=\/wp\/v2\/types\/post"}],"author":[{"embeddable":true,"href":"https:\/\/szentistvan.dnyem.hu\/index.php?rest_route=\/wp\/v2\/users\/2"}],"replies":[{"embeddable":true,"href":"https:\/\/szentistvan.dnyem.hu\/index.php?rest_route=%2Fwp%2Fv2%2Fcomments&post=685"}],"version-history":[{"count":1,"href":"https:\/\/szentistvan.dnyem.hu\/index.php?rest_route=\/wp\/v2\/posts\/685\/revisions"}],"predecessor-version":[{"id":686,"href":"https:\/\/szentistvan.dnyem.hu\/index.php?rest_route=\/wp\/v2\/posts\/685\/revisions\/686"}],"wp:attachment":[{"href":"https:\/\/szentistvan.dnyem.hu\/index.php?rest_route=%2Fwp%2Fv2%2Fmedia&parent=685"}],"wp:term":[{"taxonomy":"category","embeddable":true,"href":"https:\/\/szentistvan.dnyem.hu\/index.php?rest_route=%2Fwp%2Fv2%2Fcategories&post=685"},{"taxonomy":"post_tag","embeddable":true,"href":"https:\/\/szentistvan.dnyem.hu\/index.php?rest_route=%2Fwp%2Fv2%2Ftags&post=685"}],"curies":[{"name":"wp","href":"https:\/\/api.w.org\/{rel}","templated":true}]}}