{"id":6790,"date":"2026-03-01T23:06:47","date_gmt":"2026-03-01T21:06:47","guid":{"rendered":"https:\/\/szentistvan.dnyem.hu\/?p=6790"},"modified":"2026-03-01T23:06:47","modified_gmt":"2026-03-01T21:06:47","slug":"egyhazmegyei-csalad-expo","status":"publish","type":"post","link":"https:\/\/szentistvan.dnyem.hu\/?p=6790","title":{"rendered":"Egyh\u00e1zmegyei Csal\u00e1d Exp\u00f3"},"content":{"rendered":"\n<p><strong>M\u00e1rcius 14-\u00e9n (szombaton) 09:30-t\u00f3l a Varga utca 3. sz\u00e1m alatti Kateketikai K\u00f6zpontban rendezz\u00fck meg az Egyh\u00e1zmegyei Csal\u00e1d Exp\u00f3t, amelyre v\u00e1rj\u00e1k a a csal\u00e1dokat \u00e9s a csal\u00e1dokat seg\u00edteni k\u00edv\u00e1n\u00f3 testv\u00e9reket.<br>A gyermekek fel\u00fcgyelet\u00e9r\u0151l az eg\u00e9sz program ideje alatt gondoskodnak. A tin\u00e9dzserek sz\u00e1m\u00e1ra k\u00fcl\u00f6n foglalkoz\u00e1st szervez\u00fcnk.<br>A r\u00e9szv\u00e9tel ingyenes, de regisztr\u00e1ci\u00f3hoz k\u00f6t\u00f6tt, jelentkezni lehet a dnyem.csaladpasztoracio@gmail.com c\u00edmen, elektronikus \u0171rlapon, telefonon vagy sms-ben a 06 30 508 7860-as telefonsz\u00e1mon. A r\u00e9sztvev\u0151k kapnak eb\u00e9det.<\/strong><\/p>\n","protected":false},"excerpt":{"rendered":"<p>M\u00e1rcius 14-\u00e9n (szombaton) 09:30-t\u00f3l a Varga utca 3. sz\u00e1m alatti Kateketikai K\u00f6zpontban rendezz\u00fck meg az Egyh\u00e1zmegyei Csal\u00e1d Exp\u00f3t, amelyre v\u00e1rj\u00e1k a a csal\u00e1dokat \u00e9s a&#8230;<\/p>\n","protected":false},"author":2,"featured_media":0,"comment_status":"closed","ping_status":"open","sticky":false,"template":"","format":"standard","meta":[],"categories":[1,2],"tags":[],"_links":{"self":[{"href":"https:\/\/szentistvan.dnyem.hu\/index.php?rest_route=\/wp\/v2\/posts\/6790"}],"collection":[{"href":"https:\/\/szentistvan.dnyem.hu\/index.php?rest_route=\/wp\/v2\/posts"}],"about":[{"href":"https:\/\/szentistvan.dnyem.hu\/index.php?rest_route=\/wp\/v2\/types\/post"}],"author":[{"embeddable":true,"href":"https:\/\/szentistvan.dnyem.hu\/index.php?rest_route=\/wp\/v2\/users\/2"}],"replies":[{"embeddable":true,"href":"https:\/\/szentistvan.dnyem.hu\/index.php?rest_route=%2Fwp%2Fv2%2Fcomments&post=6790"}],"version-history":[{"count":1,"href":"https:\/\/szentistvan.dnyem.hu\/index.php?rest_route=\/wp\/v2\/posts\/6790\/revisions"}],"predecessor-version":[{"id":6791,"href":"https:\/\/szentistvan.dnyem.hu\/index.php?rest_route=\/wp\/v2\/posts\/6790\/revisions\/6791"}],"wp:attachment":[{"href":"https:\/\/szentistvan.dnyem.hu\/index.php?rest_route=%2Fwp%2Fv2%2Fmedia&parent=6790"}],"wp:term":[{"taxonomy":"category","embeddable":true,"href":"https:\/\/szentistvan.dnyem.hu\/index.php?rest_route=%2Fwp%2Fv2%2Fcategories&post=6790"},{"taxonomy":"post_tag","embeddable":true,"href":"https:\/\/szentistvan.dnyem.hu\/index.php?rest_route=%2Fwp%2Fv2%2Ftags&post=6790"}],"curies":[{"name":"wp","href":"https:\/\/api.w.org\/{rel}","templated":true}]}}