{"id":679,"date":"2016-02-13T22:58:35","date_gmt":"2016-02-13T21:58:35","guid":{"rendered":"http:\/\/szentistvan.dnyem.hu\/?p=679"},"modified":"2016-02-13T22:58:56","modified_gmt":"2016-02-13T21:58:56","slug":"rajz-es-fogalmazaspalyazat","status":"publish","type":"post","link":"https:\/\/szentistvan.dnyem.hu\/?p=679","title":{"rendered":"Rajz- \u00e9s fogalmaz\u00e1sp\u00e1ly\u00e1zat"},"content":{"rendered":"<p><strong>Gyerekek \u00e9s fiatalok sz\u00e1m\u00e1ra<\/strong> felh\u00edv\u00e1s <strong>rajz- vagy fogalmaz\u00e1sp\u00e1ly\u00e1zatra<\/strong> az al\u00e1bbi k\u00e9t t\u00e9ma egyik\u00e9ben:<\/p>\n<ul>\n<li><strong>Keresztel\u00e9sem napja<\/strong> (sz\u00fcl\u0151i, nagy- vagy keresztsz\u00fcl\u0151i elmond\u00e1s felhaszn\u00e1l\u00e1s\u00e1val) \u00e9s<\/li>\n<li><strong>N\u00e1lunk ilyen a H\u00fasv\u00e9t.<\/strong><\/li>\n<\/ul>\n<p>A rajzok b\u00e1rmilyen technik\u00e1val k\u00e9sz\u00edthet\u0151k A\/3-as vagy A\/4-es m\u00e9retben.<\/p>\n<p>A fogalmaz\u00e1s terjedelme maximum 3 oldal vonalas f\u00fczetlap vagy 1 A\/4-es g\u00e9pelt oldal j\u00f3l olvashat\u00f3 bet\u0171nagys\u00e1ggal (pl. 14).<\/p>\n<p><strong>Bead\u00e1si hat\u00e1rid\u0151 m\u00e1rcius 15.<\/strong> Minden p\u00e1lyam\u0171b\u0151l ki\u00e1ll\u00edt\u00e1s ny\u00edlik.<\/p>\n","protected":false},"excerpt":{"rendered":"<p>Gyerekek \u00e9s fiatalok sz\u00e1m\u00e1ra felh\u00edv\u00e1s rajz- vagy fogalmaz\u00e1sp\u00e1ly\u00e1zatra az al\u00e1bbi k\u00e9t t\u00e9ma egyik\u00e9ben: Keresztel\u00e9sem napja (sz\u00fcl\u0151i, nagy- vagy keresztsz\u00fcl\u0151i elmond\u00e1s felhaszn\u00e1l\u00e1s\u00e1val) \u00e9s N\u00e1lunk ilyen a&#8230;<\/p>\n","protected":false},"author":2,"featured_media":0,"comment_status":"closed","ping_status":"open","sticky":false,"template":"","format":"standard","meta":[],"categories":[1],"tags":[],"_links":{"self":[{"href":"https:\/\/szentistvan.dnyem.hu\/index.php?rest_route=\/wp\/v2\/posts\/679"}],"collection":[{"href":"https:\/\/szentistvan.dnyem.hu\/index.php?rest_route=\/wp\/v2\/posts"}],"about":[{"href":"https:\/\/szentistvan.dnyem.hu\/index.php?rest_route=\/wp\/v2\/types\/post"}],"author":[{"embeddable":true,"href":"https:\/\/szentistvan.dnyem.hu\/index.php?rest_route=\/wp\/v2\/users\/2"}],"replies":[{"embeddable":true,"href":"https:\/\/szentistvan.dnyem.hu\/index.php?rest_route=%2Fwp%2Fv2%2Fcomments&post=679"}],"version-history":[{"count":1,"href":"https:\/\/szentistvan.dnyem.hu\/index.php?rest_route=\/wp\/v2\/posts\/679\/revisions"}],"predecessor-version":[{"id":680,"href":"https:\/\/szentistvan.dnyem.hu\/index.php?rest_route=\/wp\/v2\/posts\/679\/revisions\/680"}],"wp:attachment":[{"href":"https:\/\/szentistvan.dnyem.hu\/index.php?rest_route=%2Fwp%2Fv2%2Fmedia&parent=679"}],"wp:term":[{"taxonomy":"category","embeddable":true,"href":"https:\/\/szentistvan.dnyem.hu\/index.php?rest_route=%2Fwp%2Fv2%2Fcategories&post=679"},{"taxonomy":"post_tag","embeddable":true,"href":"https:\/\/szentistvan.dnyem.hu\/index.php?rest_route=%2Fwp%2Fv2%2Ftags&post=679"}],"curies":[{"name":"wp","href":"https:\/\/api.w.org\/{rel}","templated":true}]}}