{"id":6788,"date":"2026-03-01T23:03:50","date_gmt":"2026-03-01T21:03:50","guid":{"rendered":"https:\/\/szentistvan.dnyem.hu\/?p=6788"},"modified":"2026-03-01T23:03:50","modified_gmt":"2026-03-01T21:03:50","slug":"noi-okumenikus-vilagimanap","status":"publish","type":"post","link":"https:\/\/szentistvan.dnyem.hu\/?p=6788","title":{"rendered":"N\u0151i \u00f6kumenikus vil\u00e1gimanap"},"content":{"rendered":"\n<p><strong>M\u00e1rcius 6-\u00e1n (p\u00e9nteken) <a href=\"https:\/\/www.meot.hu\/index.php\/noi-m\/vilagimanap-2026-nigeria\" target=\"_blank\" rel=\"noreferrer noopener\">n\u0151i \u00f6kumenikus vil\u00e1gimanap<\/a> kezd\u0151dik 15:30-t\u00f3l a Megtestes\u00fcl\u00e9s-templomban (Borb\u00edr\u00f3 t\u00e9r 9.) Az idei im\u00e1ds\u00e1gokat a nig\u00e9riai testv\u00e9rek \u00e1ll\u00edtott\u00e1k \u00f6ssze. Vez\u00e9rgondolatuk: \u201eJ\u00f6jjetek\u2026, \u00e9n fel\u00fcd\u00edtelek titeket!\u201d (Mt 11,28).<\/strong><\/p>\n","protected":false},"excerpt":{"rendered":"<p>M\u00e1rcius 6-\u00e1n (p\u00e9nteken) n\u0151i \u00f6kumenikus vil\u00e1gimanap kezd\u0151dik 15:30-t\u00f3l a Megtestes\u00fcl\u00e9s-templomban (Borb\u00edr\u00f3 t\u00e9r 9.) Az idei im\u00e1ds\u00e1gokat a nig\u00e9riai testv\u00e9rek \u00e1ll\u00edtott\u00e1k \u00f6ssze. Vez\u00e9rgondolatuk: \u201eJ\u00f6jjetek\u2026, \u00e9n fel\u00fcd\u00edtelek&#8230;<\/p>\n","protected":false},"author":2,"featured_media":0,"comment_status":"closed","ping_status":"open","sticky":false,"template":"","format":"standard","meta":[],"categories":[1,9,2],"tags":[],"_links":{"self":[{"href":"https:\/\/szentistvan.dnyem.hu\/index.php?rest_route=\/wp\/v2\/posts\/6788"}],"collection":[{"href":"https:\/\/szentistvan.dnyem.hu\/index.php?rest_route=\/wp\/v2\/posts"}],"about":[{"href":"https:\/\/szentistvan.dnyem.hu\/index.php?rest_route=\/wp\/v2\/types\/post"}],"author":[{"embeddable":true,"href":"https:\/\/szentistvan.dnyem.hu\/index.php?rest_route=\/wp\/v2\/users\/2"}],"replies":[{"embeddable":true,"href":"https:\/\/szentistvan.dnyem.hu\/index.php?rest_route=%2Fwp%2Fv2%2Fcomments&post=6788"}],"version-history":[{"count":1,"href":"https:\/\/szentistvan.dnyem.hu\/index.php?rest_route=\/wp\/v2\/posts\/6788\/revisions"}],"predecessor-version":[{"id":6789,"href":"https:\/\/szentistvan.dnyem.hu\/index.php?rest_route=\/wp\/v2\/posts\/6788\/revisions\/6789"}],"wp:attachment":[{"href":"https:\/\/szentistvan.dnyem.hu\/index.php?rest_route=%2Fwp%2Fv2%2Fmedia&parent=6788"}],"wp:term":[{"taxonomy":"category","embeddable":true,"href":"https:\/\/szentistvan.dnyem.hu\/index.php?rest_route=%2Fwp%2Fv2%2Fcategories&post=6788"},{"taxonomy":"post_tag","embeddable":true,"href":"https:\/\/szentistvan.dnyem.hu\/index.php?rest_route=%2Fwp%2Fv2%2Ftags&post=6788"}],"curies":[{"name":"wp","href":"https:\/\/api.w.org\/{rel}","templated":true}]}}