{"id":6786,"date":"2026-03-01T23:01:16","date_gmt":"2026-03-01T21:01:16","guid":{"rendered":"https:\/\/szentistvan.dnyem.hu\/?p=6786"},"modified":"2026-03-12T00:02:44","modified_gmt":"2026-03-11T22:02:44","slug":"betegek-meglatogatasa-2","status":"publish","type":"post","link":"https:\/\/szentistvan.dnyem.hu\/?p=6786","title":{"rendered":"Betegek megl\u00e1togat\u00e1sa"},"content":{"rendered":"\n<p><strong>Miel\u0151bb jelents\u00e9k csal\u00e1djukb\u00f3l, rokons\u00e1gukb\u00f3l \u00e9s ismer\u0151seik k\u00f6z\u00fcl azokat a betegeket \u00e9s \u00f6regeket, akik k\u00e9rik nagyb\u00f6jti gy\u00f3ntat\u00e1sukat \u00e9s \u00e1ldoztat\u00e1sukat, vagy csak lelkip\u00e1sztori l\u00e1togat\u00e1st ig\u00e9nyelnek. Nev\u00fck \u00e9s c\u00edm\u00fck leadhat\u00f3 a sekresty\u00e9ben.<\/strong><\/p>\n","protected":false},"excerpt":{"rendered":"<p>Miel\u0151bb jelents\u00e9k csal\u00e1djukb\u00f3l, rokons\u00e1gukb\u00f3l \u00e9s ismer\u0151seik k\u00f6z\u00fcl azokat a betegeket \u00e9s \u00f6regeket, akik k\u00e9rik nagyb\u00f6jti gy\u00f3ntat\u00e1sukat \u00e9s \u00e1ldoztat\u00e1sukat, vagy csak lelkip\u00e1sztori l\u00e1togat\u00e1st ig\u00e9nyelnek. Nev\u00fck \u00e9s&#8230;<\/p>\n","protected":false},"author":2,"featured_media":0,"comment_status":"closed","ping_status":"open","sticky":false,"template":"","format":"standard","meta":[],"categories":[1,9,2],"tags":[],"_links":{"self":[{"href":"https:\/\/szentistvan.dnyem.hu\/index.php?rest_route=\/wp\/v2\/posts\/6786"}],"collection":[{"href":"https:\/\/szentistvan.dnyem.hu\/index.php?rest_route=\/wp\/v2\/posts"}],"about":[{"href":"https:\/\/szentistvan.dnyem.hu\/index.php?rest_route=\/wp\/v2\/types\/post"}],"author":[{"embeddable":true,"href":"https:\/\/szentistvan.dnyem.hu\/index.php?rest_route=\/wp\/v2\/users\/2"}],"replies":[{"embeddable":true,"href":"https:\/\/szentistvan.dnyem.hu\/index.php?rest_route=%2Fwp%2Fv2%2Fcomments&post=6786"}],"version-history":[{"count":2,"href":"https:\/\/szentistvan.dnyem.hu\/index.php?rest_route=\/wp\/v2\/posts\/6786\/revisions"}],"predecessor-version":[{"id":6798,"href":"https:\/\/szentistvan.dnyem.hu\/index.php?rest_route=\/wp\/v2\/posts\/6786\/revisions\/6798"}],"wp:attachment":[{"href":"https:\/\/szentistvan.dnyem.hu\/index.php?rest_route=%2Fwp%2Fv2%2Fmedia&parent=6786"}],"wp:term":[{"taxonomy":"category","embeddable":true,"href":"https:\/\/szentistvan.dnyem.hu\/index.php?rest_route=%2Fwp%2Fv2%2Fcategories&post=6786"},{"taxonomy":"post_tag","embeddable":true,"href":"https:\/\/szentistvan.dnyem.hu\/index.php?rest_route=%2Fwp%2Fv2%2Ftags&post=6786"}],"curies":[{"name":"wp","href":"https:\/\/api.w.org\/{rel}","templated":true}]}}